{"id":30925,"date":"2025-10-25T12:59:32","date_gmt":"2025-10-25T15:59:32","guid":{"rendered":"https:\/\/impactodenoticias.com.ar\/?p=30925"},"modified":"2025-10-26T11:03:43","modified_gmt":"2025-10-26T14:03:43","slug":"parana-buscan-intensamente-a-una-mujer-que-se-ausento-hace-4-dias","status":"publish","type":"post","link":"https:\/\/impactodenoticias.com.ar\/?p=30925","title":{"rendered":"Paran\u00e1: buscan intensamente a una mujer que se ausent\u00f3 hace 4 d\u00edas"},"content":{"rendered":"\n<h2 class=\"wp-block-heading\">Desde la Unidad Fiscal de Ni\u00f1os, Ni\u00f1as y Adolescentes de Paran\u00e1 se pide la colaboraci\u00f3n de la ciudadan\u00eda con el fin de dar con el paradero de Gabriela Orrantia, de 40 a\u00f1os; quien el mi\u00e9rcoles pasado, se habr\u00eda retirado de su domicilio (jurisdicci\u00f3n de Comisar\u00eda Tercera), en horas de la noche.<\/h2>\n\n\n\n<p>Gabriela vest\u00eda al momento de ausentarse un pantal\u00f3n gris, buzo negro, zapatillas deportivas rosadas. Caracter\u00edsticas f\u00edsicas: tez morena, de ojos color marr\u00f3n, cabello negro largo pasando los hombros con ondas y contextura robusta.<\/p>\n\n\n\n<p>Cualquier informaci\u00f3n sobre el paradero puede suministrarse al 911, a la Comisaria Tercera 0343 420-6223 .<\/p>\n","protected":false},"excerpt":{"rendered":"<p>Desde la Unidad Fiscal de Ni&ntilde;os, Ni&ntilde;as y Adolescentes de Paran&aacute; se pide la colaboraci&oacute;n de la ciudadan&iacute;a con el fin de dar con el paradero de Gabriela Orrantia, de 40 a&ntilde;os; quien el mi&eacute;rcoles pasado, se habr&iacute;a retirado de su domicilio (jurisdicci&oacute;n de Comisar&iacute;a Tercera), en horas de la noche. Gabriela vest&iacute;a al momento [&hellip;]<\/p>\n","protected":false},"author":2,"featured_media":30926,"comment_status":"closed","ping_status":"closed","sticky":false,"template":"","format":"standard","meta":{"footnotes":""},"categories":[3,8],"tags":[251,6114,95,118],"class_list":["post-30925","post","type-post","status-publish","format-standard","has-post-thumbnail","hentry","category-locales","category-policiales","tag-busqueda","tag-gagriela-orrantia","tag-parana","tag-policiales"],"_links":{"self":[{"href":"https:\/\/impactodenoticias.com.ar\/index.php?rest_route=\/wp\/v2\/posts\/30925","targetHints":{"allow":["GET"]}}],"collection":[{"href":"https:\/\/impactodenoticias.com.ar\/index.php?rest_route=\/wp\/v2\/posts"}],"about":[{"href":"https:\/\/impactodenoticias.com.ar\/index.php?rest_route=\/wp\/v2\/types\/post"}],"author":[{"embeddable":true,"href":"https:\/\/impactodenoticias.com.ar\/index.php?rest_route=\/wp\/v2\/users\/2"}],"replies":[{"embeddable":true,"href":"https:\/\/impactodenoticias.com.ar\/index.php?rest_route=%2Fwp%2Fv2%2Fcomments&post=30925"}],"version-history":[{"count":1,"href":"https:\/\/impactodenoticias.com.ar\/index.php?rest_route=\/wp\/v2\/posts\/30925\/revisions"}],"predecessor-version":[{"id":30927,"href":"https:\/\/impactodenoticias.com.ar\/index.php?rest_route=\/wp\/v2\/posts\/30925\/revisions\/30927"}],"wp:featuredmedia":[{"embeddable":true,"href":"https:\/\/impactodenoticias.com.ar\/index.php?rest_route=\/wp\/v2\/media\/30926"}],"wp:attachment":[{"href":"https:\/\/impactodenoticias.com.ar\/index.php?rest_route=%2Fwp%2Fv2%2Fmedia&parent=30925"}],"wp:term":[{"taxonomy":"category","embeddable":true,"href":"https:\/\/impactodenoticias.com.ar\/index.php?rest_route=%2Fwp%2Fv2%2Fcategories&post=30925"},{"taxonomy":"post_tag","embeddable":true,"href":"https:\/\/impactodenoticias.com.ar\/index.php?rest_route=%2Fwp%2Fv2%2Ftags&post=30925"}],"curies":[{"name":"wp","href":"https:\/\/api.w.org\/{rel}","templated":true}]}}