{"id":30928,"date":"2025-10-25T13:03:49","date_gmt":"2025-10-25T16:03:49","guid":{"rendered":"https:\/\/impactodenoticias.com.ar\/?p=30928"},"modified":"2025-10-25T13:03:50","modified_gmt":"2025-10-25T16:03:50","slug":"impactante-accidente-vial-en-un-puente-en-ruta-12","status":"publish","type":"post","link":"https:\/\/impactodenoticias.com.ar\/?p=30928","title":{"rendered":"Impactante accidente vial en un puente en Ruta 12"},"content":{"rendered":"\n<h2 class=\"wp-block-heading\">Un auto VolksWagen Suran cay\u00f3 debajo del puente del Arroyo Los Pozos, en el kil\u00f3metro 584 de la Ruta Nacional N\u00b0 12, en cercan\u00edas de La Paz, en horas de la tarde noche de este viernes.<\/h2>\n\n\n\n<p>Las cuatro personas que se trasladaban en el veh\u00edculo -el conductor, de 48 a\u00f1os; su madre, de 73; y sus dos hijas, de 6 y 16 a\u00f1os- resultaron lesionadas. La mujer de mayor edad qued\u00f3 atrapada en el interior del veh\u00edculo y tuvo que ser rescatada, seg\u00fan informaci\u00f3n obtenida de fuentes policiales.<\/p>\n\n\n\n<p>El accidente vial se registr\u00f3 alrededor de las 19:40. Por causas que se tratan de establecer, el veh\u00edculo despist\u00f3, volc\u00f3 y cay\u00f3 debajo del puente, el hombre y sus dos hijas pudieron salir por sus propios medios, mientras que la madre del conductor qued\u00f3 atrapada y fue liberada gracias al trabajo de efectivos de la Comisar\u00eda Primera de La Paz.<\/p>\n\n\n\n<p>En el lugar se hizo presente la ambulancia del Hospital 9 de Julio, que traslad\u00f3 a la se\u00f1ora para control m\u00e9dico adecuado, afortunadamente informararon desde el nosomocio que no presentaba lesiones de gravedad.<\/p>\n","protected":false},"excerpt":{"rendered":"<p>Un auto VolksWagen Suran cay&oacute; debajo del puente del Arroyo Los Pozos, en el kil&oacute;metro 584 de la Ruta Nacional N&deg; 12, en cercan&iacute;as de La Paz, en horas de la tarde noche de este viernes. Las cuatro personas que se trasladaban en el veh&iacute;culo -el conductor, de 48 a&ntilde;os; su madre, de 73; y [&hellip;]<\/p>\n","protected":false},"author":2,"featured_media":30929,"comment_status":"closed","ping_status":"closed","sticky":false,"template":"","format":"standard","meta":{"footnotes":""},"categories":[8,4],"tags":[507,569,394,293,336],"class_list":["post-30928","post","type-post","status-publish","format-standard","has-post-thumbnail","hentry","category-policiales","category-provinciales","tag-auto","tag-despiste","tag-heridos","tag-ruta-12","tag-vuelco"],"_links":{"self":[{"href":"https:\/\/impactodenoticias.com.ar\/index.php?rest_route=\/wp\/v2\/posts\/30928","targetHints":{"allow":["GET"]}}],"collection":[{"href":"https:\/\/impactodenoticias.com.ar\/index.php?rest_route=\/wp\/v2\/posts"}],"about":[{"href":"https:\/\/impactodenoticias.com.ar\/index.php?rest_route=\/wp\/v2\/types\/post"}],"author":[{"embeddable":true,"href":"https:\/\/impactodenoticias.com.ar\/index.php?rest_route=\/wp\/v2\/users\/2"}],"replies":[{"embeddable":true,"href":"https:\/\/impactodenoticias.com.ar\/index.php?rest_route=%2Fwp%2Fv2%2Fcomments&post=30928"}],"version-history":[{"count":1,"href":"https:\/\/impactodenoticias.com.ar\/index.php?rest_route=\/wp\/v2\/posts\/30928\/revisions"}],"predecessor-version":[{"id":30930,"href":"https:\/\/impactodenoticias.com.ar\/index.php?rest_route=\/wp\/v2\/posts\/30928\/revisions\/30930"}],"wp:featuredmedia":[{"embeddable":true,"href":"https:\/\/impactodenoticias.com.ar\/index.php?rest_route=\/wp\/v2\/media\/30929"}],"wp:attachment":[{"href":"https:\/\/impactodenoticias.com.ar\/index.php?rest_route=%2Fwp%2Fv2%2Fmedia&parent=30928"}],"wp:term":[{"taxonomy":"category","embeddable":true,"href":"https:\/\/impactodenoticias.com.ar\/index.php?rest_route=%2Fwp%2Fv2%2Fcategories&post=30928"},{"taxonomy":"post_tag","embeddable":true,"href":"https:\/\/impactodenoticias.com.ar\/index.php?rest_route=%2Fwp%2Fv2%2Ftags&post=30928"}],"curies":[{"name":"wp","href":"https:\/\/api.w.org\/{rel}","templated":true}]}}