{"id":30931,"date":"2025-10-25T13:08:00","date_gmt":"2025-10-25T16:08:00","guid":{"rendered":"https:\/\/impactodenoticias.com.ar\/?p=30931"},"modified":"2025-10-25T13:08:00","modified_gmt":"2025-10-25T16:08:00","slug":"parana-detuvieron-a-un-hombre-qua-ataco-a-la-pareja-de-su-madre","status":"publish","type":"post","link":"https:\/\/impactodenoticias.com.ar\/?p=30931","title":{"rendered":"Paran\u00e1: detuvieron a un hombre qua atac\u00f3 a la pareja de su madre"},"content":{"rendered":"\n<h2 class=\"wp-block-heading\">Seg\u00fan se inform\u00f3 a IMPACTO DE NOTICIAS, personal de Comisar\u00eda Tercera fue enviado a calles Los Tilos y Gobernador Crespo, por una discusi\u00f3n entre dos hombres. En medio del altercado, uno de ellos amenaz\u00f3 y lesion\u00f3 al otro con una botella de vidrio.<\/h2>\n\n\n\n<p>El violento hecho, se produjo cuando la v\u00edctima sali\u00f3 en defensa de su pareja, quien es madre del agresor, se\u00f1alaron en el reporte policial. Informado sobre lo ocurrido al fiscal interviniente, se dispuso la detenci\u00f3n del agresor.<\/p>\n\n\n\n<p>El individuo fue alojado en la Alcald\u00eda de Tribunales por los delitos de lesiones y amenazas.<\/p>\n","protected":false},"excerpt":{"rendered":"<p>Seg&uacute;n se inform&oacute; a IMPACTO DE NOTICIAS, personal de Comisar&iacute;a Tercera fue enviado a calles Los Tilos y Gobernador Crespo, por una discusi&oacute;n entre dos hombres. En medio del altercado, uno de ellos amenaz&oacute; y lesion&oacute; al otro con una botella de vidrio. El violento hecho, se produjo cuando la v&iacute;ctima sali&oacute; en defensa de [&hellip;]<\/p>\n","protected":false},"author":2,"featured_media":30932,"comment_status":"closed","ping_status":"closed","sticky":false,"template":"","format":"standard","meta":{"footnotes":""},"categories":[3,8],"tags":[183,175,146,95,118],"class_list":["post-30931","post","type-post","status-publish","format-standard","has-post-thumbnail","hentry","category-locales","category-policiales","tag-ataque","tag-detenido","tag-hombre","tag-parana","tag-policiales"],"_links":{"self":[{"href":"https:\/\/impactodenoticias.com.ar\/index.php?rest_route=\/wp\/v2\/posts\/30931","targetHints":{"allow":["GET"]}}],"collection":[{"href":"https:\/\/impactodenoticias.com.ar\/index.php?rest_route=\/wp\/v2\/posts"}],"about":[{"href":"https:\/\/impactodenoticias.com.ar\/index.php?rest_route=\/wp\/v2\/types\/post"}],"author":[{"embeddable":true,"href":"https:\/\/impactodenoticias.com.ar\/index.php?rest_route=\/wp\/v2\/users\/2"}],"replies":[{"embeddable":true,"href":"https:\/\/impactodenoticias.com.ar\/index.php?rest_route=%2Fwp%2Fv2%2Fcomments&post=30931"}],"version-history":[{"count":1,"href":"https:\/\/impactodenoticias.com.ar\/index.php?rest_route=\/wp\/v2\/posts\/30931\/revisions"}],"predecessor-version":[{"id":30933,"href":"https:\/\/impactodenoticias.com.ar\/index.php?rest_route=\/wp\/v2\/posts\/30931\/revisions\/30933"}],"wp:featuredmedia":[{"embeddable":true,"href":"https:\/\/impactodenoticias.com.ar\/index.php?rest_route=\/wp\/v2\/media\/30932"}],"wp:attachment":[{"href":"https:\/\/impactodenoticias.com.ar\/index.php?rest_route=%2Fwp%2Fv2%2Fmedia&parent=30931"}],"wp:term":[{"taxonomy":"category","embeddable":true,"href":"https:\/\/impactodenoticias.com.ar\/index.php?rest_route=%2Fwp%2Fv2%2Fcategories&post=30931"},{"taxonomy":"post_tag","embeddable":true,"href":"https:\/\/impactodenoticias.com.ar\/index.php?rest_route=%2Fwp%2Fv2%2Ftags&post=30931"}],"curies":[{"name":"wp","href":"https:\/\/api.w.org\/{rel}","templated":true}]}}