{"id":30934,"date":"2025-10-25T13:24:23","date_gmt":"2025-10-25T16:24:23","guid":{"rendered":"https:\/\/impactodenoticias.com.ar\/?p=30934"},"modified":"2025-10-25T13:24:23","modified_gmt":"2025-10-25T16:24:23","slug":"en-medio-del-temporal-de-lluvia-y-viento-se-produjo-el-vuelco-de-un-vehiculo-en-ruta-12","status":"publish","type":"post","link":"https:\/\/impactodenoticias.com.ar\/?p=30934","title":{"rendered":"En medio del temporal de lluvia y viento se produjo el vuelco de un veh\u00edculo en Ruta 12"},"content":{"rendered":"\n<h2 class=\"wp-block-heading\">Un conductor protagoniz\u00f3 un violento vuelco en Ruta 12 este viernes, en momentos en que llov\u00eda con gran intensidad, el siniestro vial ocurri\u00f3 en jurisdicci\u00f3n de Ceibas, Islas del Ibicuy. Afortunadamente se registraron personas heridas.<\/h2>\n\n\n\n<p>Seg\u00fan se inform\u00f3 a <strong>IMPACTO DE NOTICIAS<\/strong>, el siniestro vial se produjo a la altura del kil\u00f3metro 159. El veh\u00edculo involucrado fue un Peugeot 301, conducido por un hombre de Lan\u00fas, Buenos Aires, que circulaba hacia el norte.<\/p>\n\n\n\n<p>Seg\u00fan el relato del mismo conductor, perdi\u00f3 el control y termin\u00f3 contra unos \u00e1rboles al costado de la ruta. Bomberos Voluntarios de Ceibas se hicieron presentes en el lugar y solicit\u00f3 el auxilio de Vialidad Nacional para retirar el veh\u00edculo.<\/p>\n","protected":false},"excerpt":{"rendered":"<p>Un conductor protagoniz&oacute; un violento vuelco en Ruta 12 este viernes, en momentos en que llov&iacute;a con gran intensidad, el siniestro vial ocurri&oacute; en jurisdicci&oacute;n de Ceibas, Islas del Ibicuy. Afortunadamente se registraron personas heridas. Seg&uacute;n se inform&oacute; a IMPACTO DE NOTICIAS, el siniestro vial se produjo a la altura del kil&oacute;metro 159. El veh&iacute;culo [&hellip;]<\/p>\n","protected":false},"author":2,"featured_media":30935,"comment_status":"closed","ping_status":"closed","sticky":false,"template":"","format":"standard","meta":{"footnotes":""},"categories":[8],"tags":[1552,118,293,336],"class_list":["post-30934","post","type-post","status-publish","format-standard","has-post-thumbnail","hentry","category-policiales","tag-ceibas","tag-policiales","tag-ruta-12","tag-vuelco"],"_links":{"self":[{"href":"https:\/\/impactodenoticias.com.ar\/index.php?rest_route=\/wp\/v2\/posts\/30934","targetHints":{"allow":["GET"]}}],"collection":[{"href":"https:\/\/impactodenoticias.com.ar\/index.php?rest_route=\/wp\/v2\/posts"}],"about":[{"href":"https:\/\/impactodenoticias.com.ar\/index.php?rest_route=\/wp\/v2\/types\/post"}],"author":[{"embeddable":true,"href":"https:\/\/impactodenoticias.com.ar\/index.php?rest_route=\/wp\/v2\/users\/2"}],"replies":[{"embeddable":true,"href":"https:\/\/impactodenoticias.com.ar\/index.php?rest_route=%2Fwp%2Fv2%2Fcomments&post=30934"}],"version-history":[{"count":1,"href":"https:\/\/impactodenoticias.com.ar\/index.php?rest_route=\/wp\/v2\/posts\/30934\/revisions"}],"predecessor-version":[{"id":30936,"href":"https:\/\/impactodenoticias.com.ar\/index.php?rest_route=\/wp\/v2\/posts\/30934\/revisions\/30936"}],"wp:featuredmedia":[{"embeddable":true,"href":"https:\/\/impactodenoticias.com.ar\/index.php?rest_route=\/wp\/v2\/media\/30935"}],"wp:attachment":[{"href":"https:\/\/impactodenoticias.com.ar\/index.php?rest_route=%2Fwp%2Fv2%2Fmedia&parent=30934"}],"wp:term":[{"taxonomy":"category","embeddable":true,"href":"https:\/\/impactodenoticias.com.ar\/index.php?rest_route=%2Fwp%2Fv2%2Fcategories&post=30934"},{"taxonomy":"post_tag","embeddable":true,"href":"https:\/\/impactodenoticias.com.ar\/index.php?rest_route=%2Fwp%2Fv2%2Ftags&post=30934"}],"curies":[{"name":"wp","href":"https:\/\/api.w.org\/{rel}","templated":true}]}}