{"id":30937,"date":"2025-10-25T13:31:04","date_gmt":"2025-10-25T16:31:04","guid":{"rendered":"https:\/\/impactodenoticias.com.ar\/?p=30937"},"modified":"2025-10-28T09:52:15","modified_gmt":"2025-10-28T12:52:15","slug":"parana-una-personas-termino-con-graves-heridas-tras-caerle-un-porton-encima","status":"publish","type":"post","link":"https:\/\/impactodenoticias.com.ar\/?p=30937","title":{"rendered":"Paran\u00e1: una persona termin\u00f3 con graves heridas tras caerle un port\u00f3n encima"},"content":{"rendered":"\n<h2 class=\"wp-block-heading\">Un port\u00f3n cay\u00f3 encima de una persona y le provoc\u00f3 serias heridas. El hecho ocurri\u00f3 este s\u00e1bado en horas de la ma\u00f1ana y la personas tuvo que ser trasladada de urgancia al hospital San Mart\u00edn de la ciudad.<\/h2>\n\n\n\n<p>Seg\u00fan se inform\u00f3, una unidad del Cuerpo Activo de Bomberos Voluntarios de Paran\u00e1 se dirigi\u00f3 a Cortada 830 para asistir a la persona herida.<\/p>\n\n\n\n<p><\/p>\n\n\n\n<figure class=\"wp-block-image size-full\"><img loading=\"lazy\" decoding=\"async\" width=\"465\" height=\"562\" src=\"https:\/\/impactodenoticias.com.ar\/wp-content\/uploads\/2025\/10\/Parana-Caida-Porton-1.png\" alt=\"\" class=\"wp-image-30938\" srcset=\"https:\/\/impactodenoticias.com.ar\/wp-content\/uploads\/2025\/10\/Parana-Caida-Porton-1.png 465w, https:\/\/impactodenoticias.com.ar\/wp-content\/uploads\/2025\/10\/Parana-Caida-Porton-1-248x300.png 248w\" sizes=\"auto, (max-width: 465px) 100vw, 465px\" \/><\/figure>\n\n\n\n<p><\/p>\n\n\n\n<figure class=\"wp-block-image size-full\"><img loading=\"lazy\" decoding=\"async\" width=\"482\" height=\"481\" src=\"https:\/\/impactodenoticias.com.ar\/wp-content\/uploads\/2025\/10\/Parana-Caida-Porton-2.png\" alt=\"\" class=\"wp-image-30939\" srcset=\"https:\/\/impactodenoticias.com.ar\/wp-content\/uploads\/2025\/10\/Parana-Caida-Porton-2.png 482w, https:\/\/impactodenoticias.com.ar\/wp-content\/uploads\/2025\/10\/Parana-Caida-Porton-2-300x300.png 300w, https:\/\/impactodenoticias.com.ar\/wp-content\/uploads\/2025\/10\/Parana-Caida-Porton-2-150x150.png 150w\" sizes=\"auto, (max-width: 482px) 100vw, 482px\" \/><\/figure>\n\n\n\n<p><\/p>\n\n\n\n<p>En el lugar, bomberos trabajaron junto al personal del 107 Emergencias, una vez asistida en primera instancia, la persona fue trasladada con urgencia al nosocomio local.<\/p>\n","protected":false},"excerpt":{"rendered":"<p>Un port&oacute;n cay&oacute; encima de una persona y le provoc&oacute; serias heridas. El hecho ocurri&oacute; este s&aacute;bado en horas de la ma&ntilde;ana y la personas tuvo que ser trasladada de urgancia al hospital San Mart&iacute;n de la ciudad. Seg&uacute;n se inform&oacute;, una unidad del Cuerpo Activo de Bomberos Voluntarios de Paran&aacute; se dirigi&oacute; a Cortada [&hellip;]<\/p>\n","protected":false},"author":2,"featured_media":30940,"comment_status":"closed","ping_status":"closed","sticky":false,"template":"","format":"standard","meta":{"footnotes":""},"categories":[3,8],"tags":[389,95,118,1349],"class_list":["post-30937","post","type-post","status-publish","format-standard","has-post-thumbnail","hentry","category-locales","category-policiales","tag-herido","tag-parana","tag-policiales","tag-porton"],"_links":{"self":[{"href":"https:\/\/impactodenoticias.com.ar\/index.php?rest_route=\/wp\/v2\/posts\/30937","targetHints":{"allow":["GET"]}}],"collection":[{"href":"https:\/\/impactodenoticias.com.ar\/index.php?rest_route=\/wp\/v2\/posts"}],"about":[{"href":"https:\/\/impactodenoticias.com.ar\/index.php?rest_route=\/wp\/v2\/types\/post"}],"author":[{"embeddable":true,"href":"https:\/\/impactodenoticias.com.ar\/index.php?rest_route=\/wp\/v2\/users\/2"}],"replies":[{"embeddable":true,"href":"https:\/\/impactodenoticias.com.ar\/index.php?rest_route=%2Fwp%2Fv2%2Fcomments&post=30937"}],"version-history":[{"count":2,"href":"https:\/\/impactodenoticias.com.ar\/index.php?rest_route=\/wp\/v2\/posts\/30937\/revisions"}],"predecessor-version":[{"id":31038,"href":"https:\/\/impactodenoticias.com.ar\/index.php?rest_route=\/wp\/v2\/posts\/30937\/revisions\/31038"}],"wp:featuredmedia":[{"embeddable":true,"href":"https:\/\/impactodenoticias.com.ar\/index.php?rest_route=\/wp\/v2\/media\/30940"}],"wp:attachment":[{"href":"https:\/\/impactodenoticias.com.ar\/index.php?rest_route=%2Fwp%2Fv2%2Fmedia&parent=30937"}],"wp:term":[{"taxonomy":"category","embeddable":true,"href":"https:\/\/impactodenoticias.com.ar\/index.php?rest_route=%2Fwp%2Fv2%2Fcategories&post=30937"},{"taxonomy":"post_tag","embeddable":true,"href":"https:\/\/impactodenoticias.com.ar\/index.php?rest_route=%2Fwp%2Fv2%2Ftags&post=30937"}],"curies":[{"name":"wp","href":"https:\/\/api.w.org\/{rel}","templated":true}]}}