{"id":3096,"date":"2024-08-24T10:45:35","date_gmt":"2024-08-24T13:45:35","guid":{"rendered":"https:\/\/impactodenoticias.com.ar\/?p=3096"},"modified":"2024-08-24T10:45:40","modified_gmt":"2024-08-24T13:45:40","slug":"el-organismo-de-defensa-al-consumidor-implementa-nuevas-herramientas-digitales-en-parana","status":"publish","type":"post","link":"https:\/\/impactodenoticias.com.ar\/?p=3096","title":{"rendered":"El Organismo de Defensa al Consumidor implementa nuevas herramientas digitales en Paran\u00e1"},"content":{"rendered":"\n<h3 class=\"wp-block-heading\">El objetivo del Municipio es optimizar el servicio para los vecinos. Entre las principales novedades se encuentra la digitalizaci\u00f3n del tr\u00e1mite de denuncia, que permite formular reclamos de manera \u00e1gil y sencilla.<\/h3>\n\n\n\n<p>En colaboraci\u00f3n con el Gobierno Nacional, se han implementado herramientas que facilitan la presentaci\u00f3n de denuncias mediante un enlace y un c\u00f3digo QR.<\/p>\n\n\n\n<p>\u201cLa digitalizaci\u00f3n del tr\u00e1mite es un avance importante para modernizar el organismo y mejorar la atenci\u00f3n a los consumidores\u201d, afirm\u00f3 Patricia Valin, coordinadora del Organismo de Defensa al Consumidor.<\/p>\n\n\n\n<p>Adem\u00e1s, con la implementaci\u00f3n de estas medidas, se reserva la atenci\u00f3n presencial para aquellos que no cuentan con acceso a herramientas digitales, personas que requieren asistencia particular, hipervulnerables, o para quienes simplemente prefieren realizar el tr\u00e1mite de forma presencial.<\/p>\n\n\n\n<p>El pr\u00f3ximo objetivo en esta transformaci\u00f3n digital es la despapelizaci\u00f3n completa del proceso, lo que permitir\u00e1 gestionar las denuncias de manera a\u00fan m\u00e1s eficiente, desde cualquier celular o computadora.<\/p>\n\n\n\n<p>\u201cEstamos comprometidos con la despapelizaci\u00f3n del sistema, lo que no solo facilita a los vecinos realizar sus tr\u00e1mites desde cualquier dispositivo, sino que tambi\u00e9n busca optimizar recursos y mejorar la experiencia del consumidor\u201d, destac\u00f3 Pablo Testa, secretario Legal y Administrativo del Municipio.<\/p>\n\n\n\n<p>En el primer semestre del a\u00f1o, el Organismo recibi\u00f3 2300 denuncias, lo que evidencia la necesidad de una atenci\u00f3n r\u00e1pida y efectiva. Cabe destacar que este tr\u00e1mite es totalmente gratuito y no requiere asesoramiento legal, lo que lo convierte en una opci\u00f3n accesible para todos los consumidores.<\/p>\n\n\n\n<p>En paralelo a estas innovaciones, el Organismo ha cambiado su lugar de atenci\u00f3n a una nueva sede en Urquiza 831, un espacio m\u00e1s amplio, c\u00f3modo y accesible. Adem\u00e1s, el personal recibe capacitaci\u00f3n constante para garantizar un servicio cada vez m\u00e1s eficiente.<\/p>\n\n\n\n<p>Finalmente, Patricia Valin fue elegida por unanimidad, este a\u00f1o, como secretaria Legal y T\u00e9cnica del Consejo Provincial del Consumo (COPRODEC), un reconocimiento que refuerza la labor realizada por la actual gesti\u00f3n.<\/p>\n\n\n\n<p><\/p>\n\n\n\n<figure class=\"wp-block-image size-full\"><img loading=\"lazy\" decoding=\"async\" width=\"760\" height=\"427\" src=\"https:\/\/impactodenoticias.com.ar\/wp-content\/uploads\/2024\/08\/226d3927480e43cb7d399dca0a2ebe3a.jpg\" alt=\"\" class=\"wp-image-3097\" srcset=\"https:\/\/impactodenoticias.com.ar\/wp-content\/uploads\/2024\/08\/226d3927480e43cb7d399dca0a2ebe3a.jpg 760w, https:\/\/impactodenoticias.com.ar\/wp-content\/uploads\/2024\/08\/226d3927480e43cb7d399dca0a2ebe3a-300x169.jpg 300w\" sizes=\"auto, (max-width: 760px) 100vw, 760px\" \/><\/figure>\n\n\n\n<p><\/p>\n\n\n\n<p>Formulario de Defensa al Consumidor<br><a href=\"http:\/\/autogestion.produccion.gob.ar\/consumidores\">http:\/\/autogestion.produccion.gob.ar\/consumidores<\/a><\/p>\n\n\n\n<p>Datos de contacto<br>Lunes a viernes de 7.30 a 12.30<\/p>\n\n\n\n<p>0343-4236504 o a la l\u00ednea gratuita 0800-555-5566<\/p>\n\n\n\n<p>WhatsApp: 3435025948<\/p>\n\n\n\n<p>Mail: <a href=\"mailto:notificacionesdefensaparana@gmail.com\">notificacionesdefensaparana@gmail.com<\/a><\/p>\n\n\n\n<p>Redes sociales:<\/p>\n\n\n\n<p>Instagram: <a href=\"http:\/\/@defensaalconsumidorparana\">@defensaalconsumidorparana<\/a><\/p>\n\n\n\n<p>Facebook: Organismo de Defensa al Consumidor Paran\u00e1.<\/p>\n","protected":false},"excerpt":{"rendered":"<p>El objetivo del Municipio es optimizar el servicio para los vecinos. Entre las principales novedades se encuentra la digitalizaci&oacute;n del tr&aacute;mite de denuncia, que permite formular reclamos de manera &aacute;gil y sencilla. En colaboraci&oacute;n con el Gobierno Nacional, se han implementado herramientas que facilitan la presentaci&oacute;n de denuncias mediante un enlace y un c&oacute;digo QR. [&hellip;]<\/p>\n","protected":false},"author":2,"featured_media":3098,"comment_status":"open","ping_status":"open","sticky":false,"template":"","format":"standard","meta":{"footnotes":""},"categories":[3,49],"tags":[1463,102,1465,95,1464],"class_list":["post-3096","post","type-post","status-publish","format-standard","has-post-thumbnail","hentry","category-locales","category-sociedad","tag-defensa-consumidor","tag-municipalidad","tag-pablo-testa","tag-parana","tag-patricia-valin"],"_links":{"self":[{"href":"https:\/\/impactodenoticias.com.ar\/index.php?rest_route=\/wp\/v2\/posts\/3096","targetHints":{"allow":["GET"]}}],"collection":[{"href":"https:\/\/impactodenoticias.com.ar\/index.php?rest_route=\/wp\/v2\/posts"}],"about":[{"href":"https:\/\/impactodenoticias.com.ar\/index.php?rest_route=\/wp\/v2\/types\/post"}],"author":[{"embeddable":true,"href":"https:\/\/impactodenoticias.com.ar\/index.php?rest_route=\/wp\/v2\/users\/2"}],"replies":[{"embeddable":true,"href":"https:\/\/impactodenoticias.com.ar\/index.php?rest_route=%2Fwp%2Fv2%2Fcomments&post=3096"}],"version-history":[{"count":1,"href":"https:\/\/impactodenoticias.com.ar\/index.php?rest_route=\/wp\/v2\/posts\/3096\/revisions"}],"predecessor-version":[{"id":3099,"href":"https:\/\/impactodenoticias.com.ar\/index.php?rest_route=\/wp\/v2\/posts\/3096\/revisions\/3099"}],"wp:featuredmedia":[{"embeddable":true,"href":"https:\/\/impactodenoticias.com.ar\/index.php?rest_route=\/wp\/v2\/media\/3098"}],"wp:attachment":[{"href":"https:\/\/impactodenoticias.com.ar\/index.php?rest_route=%2Fwp%2Fv2%2Fmedia&parent=3096"}],"wp:term":[{"taxonomy":"category","embeddable":true,"href":"https:\/\/impactodenoticias.com.ar\/index.php?rest_route=%2Fwp%2Fv2%2Fcategories&post=3096"},{"taxonomy":"post_tag","embeddable":true,"href":"https:\/\/impactodenoticias.com.ar\/index.php?rest_route=%2Fwp%2Fv2%2Ftags&post=3096"}],"curies":[{"name":"wp","href":"https:\/\/api.w.org\/{rel}","templated":true}]}}