{"id":30968,"date":"2025-10-26T11:02:59","date_gmt":"2025-10-26T14:02:59","guid":{"rendered":"https:\/\/impactodenoticias.com.ar\/?p=30968"},"modified":"2025-10-27T09:06:55","modified_gmt":"2025-10-27T12:06:55","slug":"elecciones-legislativas-2025-cuales-son-los-documentos-validos-para-votar-este-domingo","status":"publish","type":"post","link":"https:\/\/impactodenoticias.com.ar\/?p=30968","title":{"rendered":"Elecciones legislativas 2025: cu\u00e1les son los documentos v\u00e1lidos para votar este domingo"},"content":{"rendered":"\n<h2 class=\"wp-block-heading\">Desde las 8 de este domingo 26 de octubre se vota en Entre R\u00edosUna de las principales dudas pasa por cu\u00e1les son los documentos v\u00e1lidos para emitir el sufragio.<\/h2>\n\n\n\n<p>De acuerdo a la Justicia Electoral Nacional, solo se permitir\u00e1 sufragar con el documento que figura en el padr\u00f3n o, en su defecto, una versi\u00f3n posterior. No se habilitar\u00e1, en cambio asistir con la versi\u00f3n digital -disponible en la app Mi Argentina- as\u00ed como tampoco constancia de DNI en tr\u00e1mite, el pasaporte ni la Licencia de Conducir.<\/p>\n\n\n\n<p><strong>Estos son los documentos habilitados para votar este domingo 26 de octubre de 2025<\/strong><\/p>\n\n\n\n<p>-Libreta C\u00edvica<\/p>\n\n\n\n<p>-Libreta de Enrolamiento<\/p>\n\n\n\n<p>-DNI libreta verde<\/p>\n\n\n\n<p>-DNI libreta celeste<\/p>\n\n\n\n<p>-Tarjeta del DNI libreta celeste (incluso con la leyenda \u201cNo v\u00e1lido para votar\u201d)<\/p>\n\n\n\n<p>-Nuevo DNI tarjeta<\/p>\n","protected":false},"excerpt":{"rendered":"<p>Desde las 8 de este domingo 26 de octubre se vota en Entre R&iacute;osUna de las principales dudas pasa por cu&aacute;les son los documentos v&aacute;lidos para emitir el sufragio. De acuerdo a la Justicia Electoral Nacional, solo se permitir&aacute; sufragar con el documento que figura en el padr&oacute;n o, en su defecto, una versi&oacute;n posterior. [&hellip;]<\/p>\n","protected":false},"author":2,"featured_media":30969,"comment_status":"closed","ping_status":"closed","sticky":false,"template":"","format":"standard","meta":{"footnotes":""},"categories":[11,4],"tags":[616,3079,3942,33,3682,5242],"class_list":["post-30968","post","type-post","status-publish","format-standard","has-post-thumbnail","hentry","category-politica","category-provinciales","tag-616","tag-documentos","tag-elecciones","tag-entre-rios","tag-habilitados","tag-legislativas"],"_links":{"self":[{"href":"https:\/\/impactodenoticias.com.ar\/index.php?rest_route=\/wp\/v2\/posts\/30968","targetHints":{"allow":["GET"]}}],"collection":[{"href":"https:\/\/impactodenoticias.com.ar\/index.php?rest_route=\/wp\/v2\/posts"}],"about":[{"href":"https:\/\/impactodenoticias.com.ar\/index.php?rest_route=\/wp\/v2\/types\/post"}],"author":[{"embeddable":true,"href":"https:\/\/impactodenoticias.com.ar\/index.php?rest_route=\/wp\/v2\/users\/2"}],"replies":[{"embeddable":true,"href":"https:\/\/impactodenoticias.com.ar\/index.php?rest_route=%2Fwp%2Fv2%2Fcomments&post=30968"}],"version-history":[{"count":1,"href":"https:\/\/impactodenoticias.com.ar\/index.php?rest_route=\/wp\/v2\/posts\/30968\/revisions"}],"predecessor-version":[{"id":30970,"href":"https:\/\/impactodenoticias.com.ar\/index.php?rest_route=\/wp\/v2\/posts\/30968\/revisions\/30970"}],"wp:featuredmedia":[{"embeddable":true,"href":"https:\/\/impactodenoticias.com.ar\/index.php?rest_route=\/wp\/v2\/media\/30969"}],"wp:attachment":[{"href":"https:\/\/impactodenoticias.com.ar\/index.php?rest_route=%2Fwp%2Fv2%2Fmedia&parent=30968"}],"wp:term":[{"taxonomy":"category","embeddable":true,"href":"https:\/\/impactodenoticias.com.ar\/index.php?rest_route=%2Fwp%2Fv2%2Fcategories&post=30968"},{"taxonomy":"post_tag","embeddable":true,"href":"https:\/\/impactodenoticias.com.ar\/index.php?rest_route=%2Fwp%2Fv2%2Ftags&post=30968"}],"curies":[{"name":"wp","href":"https:\/\/api.w.org\/{rel}","templated":true}]}}