{"id":30986,"date":"2025-10-26T18:56:15","date_gmt":"2025-10-26T21:56:15","guid":{"rendered":"https:\/\/impactodenoticias.com.ar\/?p=30986"},"modified":"2025-10-27T09:06:12","modified_gmt":"2025-10-27T12:06:12","slug":"entre-rios-finalizaron-los-comicios-y-se-estima-que-voto-el-73-del-padron","status":"publish","type":"post","link":"https:\/\/impactodenoticias.com.ar\/?p=30986","title":{"rendered":"Entre R\u00edos: finalizaron los comicios y se estima que vot\u00f3 el 73% del padr\u00f3n"},"content":{"rendered":"\n<h2 class=\"wp-block-heading\">Las Elecciones 2025 concluyeron en Entre R\u00edos y el resto del territorio nacional. Seg\u00fan datos brindados por la Polic\u00eda, pasadas las 18 se estima que un 73% del padr\u00f3n de la provincia fue a las urnas.<\/h2>\n\n\n\n<p>De acuerdo a datos oficiales obtenidos por este medio, a las 12 del mediod\u00eda hab\u00eda votado el 25 por ciento del padr\u00f3n provincial, mientras que para las 15 la cifra ascend\u00eda a 55 por ciento. La Secretar\u00eda Electoral Nacional inform\u00f3 a las 17 un 60,92%, que se habr\u00eda incrementado en la \u00faltima hora antes de la finalizaci\u00f3n del comicio.<\/p>\n\n\n\n<p>De esta forma, en comicios donde se habl\u00f3 mucho sobre la participaci\u00f3n de la ciudadan\u00eda, ejerci\u00f3 su derecho -en principio- casi tres cuartos de los entrerrianos para sufragar.<\/p>\n","protected":false},"excerpt":{"rendered":"<p>Las Elecciones 2025 concluyeron en Entre R&iacute;os y el resto del territorio nacional. Seg&uacute;n datos brindados por la Polic&iacute;a, pasadas las 18 se estima que un 73% del padr&oacute;n de la provincia fue a las urnas. De acuerdo a datos oficiales obtenidos por este medio, a las 12 del mediod&iacute;a hab&iacute;a votado el 25 por [&hellip;]<\/p>\n","protected":false},"author":2,"featured_media":30987,"comment_status":"closed","ping_status":"closed","sticky":false,"template":"","format":"standard","meta":{"footnotes":""},"categories":[11,4],"tags":[616,6125,33,6124],"class_list":["post-30986","post","type-post","status-publish","format-standard","has-post-thumbnail","hentry","category-politica","category-provinciales","tag-616","tag-comicios","tag-entre-rios","tag-finalizaron"],"_links":{"self":[{"href":"https:\/\/impactodenoticias.com.ar\/index.php?rest_route=\/wp\/v2\/posts\/30986","targetHints":{"allow":["GET"]}}],"collection":[{"href":"https:\/\/impactodenoticias.com.ar\/index.php?rest_route=\/wp\/v2\/posts"}],"about":[{"href":"https:\/\/impactodenoticias.com.ar\/index.php?rest_route=\/wp\/v2\/types\/post"}],"author":[{"embeddable":true,"href":"https:\/\/impactodenoticias.com.ar\/index.php?rest_route=\/wp\/v2\/users\/2"}],"replies":[{"embeddable":true,"href":"https:\/\/impactodenoticias.com.ar\/index.php?rest_route=%2Fwp%2Fv2%2Fcomments&post=30986"}],"version-history":[{"count":1,"href":"https:\/\/impactodenoticias.com.ar\/index.php?rest_route=\/wp\/v2\/posts\/30986\/revisions"}],"predecessor-version":[{"id":30988,"href":"https:\/\/impactodenoticias.com.ar\/index.php?rest_route=\/wp\/v2\/posts\/30986\/revisions\/30988"}],"wp:featuredmedia":[{"embeddable":true,"href":"https:\/\/impactodenoticias.com.ar\/index.php?rest_route=\/wp\/v2\/media\/30987"}],"wp:attachment":[{"href":"https:\/\/impactodenoticias.com.ar\/index.php?rest_route=%2Fwp%2Fv2%2Fmedia&parent=30986"}],"wp:term":[{"taxonomy":"category","embeddable":true,"href":"https:\/\/impactodenoticias.com.ar\/index.php?rest_route=%2Fwp%2Fv2%2Fcategories&post=30986"},{"taxonomy":"post_tag","embeddable":true,"href":"https:\/\/impactodenoticias.com.ar\/index.php?rest_route=%2Fwp%2Fv2%2Ftags&post=30986"}],"curies":[{"name":"wp","href":"https:\/\/api.w.org\/{rel}","templated":true}]}}