{"id":31006,"date":"2025-10-27T08:30:32","date_gmt":"2025-10-27T11:30:32","guid":{"rendered":"https:\/\/impactodenoticias.com.ar\/?p=31006"},"modified":"2025-10-29T09:53:18","modified_gmt":"2025-10-29T12:53:18","slug":"tras-la-historica-derrota-del-peronismo-en-la-ciudad-de-victoria-congresal-pide-la-renuncia-de-la-intendenta-isa-castagnino","status":"publish","type":"post","link":"https:\/\/impactodenoticias.com.ar\/?p=31006","title":{"rendered":"Tras la hist\u00f3rica derrota del peronismo en la ciudad de Victoria congresal pide la renuncia de la intendenta Isa Castagnino"},"content":{"rendered":"\n<h2 class=\"wp-block-heading\">Tras el lemantable resultado electoral obtenido en las recientes Elecciones Legislativas, que se desarrollaron este domingo 26 de octubre en la provincia de Entre R\u00edos y el resto del territorio nacional. El Congresal del PJ de Victoria Carlos Guillermo Reggiardo exige la renuncia inmediata de la actual intendenta de la ciudad de Victoria.<\/h2>\n\n\n\n<p><strong>La misiva completa enviada a IMPACTO DE NOTICIAS<\/strong><\/p>\n\n\n\n<p><em>Victoria, Entre R\u00edos, 26 de octubre de 2025<\/em><\/p>\n\n\n\n<p><em>A la Sra. Presidenta del Partido Justicialista de Victoria Isa Castagnino<\/em><\/p>\n\n\n\n<p><em>S\/D<\/em><\/p>\n\n\n\n<p><em>Asunto: Solicitud de renuncia a la Presidencia del PJ Victoria<\/em><\/p>\n\n\n\n<p><em>Yo, Carlos Guillermo Reggiardo (MP CAER N\u00ba 7293, Tomo I, Folio 198; DNI 30.544.304), en mi car\u00e1cter de congresal y afiliado del Partido Justicialista de Victoria, me dirijo a usted de manera formal para solicitar su renuncia inmediata al cargo de Presidenta del Partido Justicialista de Victoria, por las razones que a continuaci\u00f3n expongo.<\/em><\/p>\n\n\n\n<p><em><strong>Visto<\/strong><\/em><\/p>\n\n\n\n<p><em>El resultado electoral recientemente conocido, que constituye una derrota sin precedentes para el justicialismo local y marca el punto m\u00e1s bajo de nuestra representaci\u00f3n pol\u00edtica en la historia de la ciudad.<br>Considerando<\/em><\/p>\n\n\n\n<p><em>Que el incumplimiento de las promesas de campa\u00f1a dej\u00f3 a su gesti\u00f3n aislada, sin respaldo ciudadano, afectando la credibilidad del peronismo en su conjunto.<\/em><\/p>\n\n\n\n<p><em>Que la ciudad se encuentra abandonada, con un municipio deteriorado, calles rotas y una percepci\u00f3n social extendida de falta de transparencia en la administraci\u00f3n.<\/em><\/p>\n\n\n\n<p><em>Que la conducci\u00f3n partidaria bajo su responsabilidad \u2014y la influencia directa de Laura Stratta\u2014 clausur\u00f3 de hecho el partido a un c\u00edrculo de amigos y obsecuentes, cerrando el debate interno, desalentando la militancia y debilitando la vida org\u00e1nica.<\/em><\/p>\n\n\n\n<p><em>Que el resultado electoral adverso es la consecuencia directa de esas pr\u00e1cticas y decisiones, y constituye una se\u00f1al inequ\u00edvoca de que se requiere autocr\u00edtica, apertura y renovaci\u00f3n inmediata.<\/em><\/p>\n\n\n\n<p><em>Que la ciudadan\u00eda demanda que usted concentre todas sus energ\u00edas en enderezar la gesti\u00f3n municipal y culminar el mandato de la mejor manera posible, tarea incompatible con la conducci\u00f3n partidaria en este contexto.<\/em><\/p>\n\n\n\n<p><strong>Por todo ello, solicito<\/strong><\/p>\n\n\n\n<p><em>\u2014 Su renuncia indeclinable a la Presidencia del Partido Justicialista de Victoria.<br>\u2014 La convocatoria urgente a un plenario abierto de normalizaci\u00f3n, con reglas claras, participaci\u00f3n real de la militancia y debate program\u00e1tico de cara a la sociedad.<br>\u2014 La reapertura efectiva de los \u00e1mbitos org\u00e1nicos (Consejo, congresos y unidades b\u00e1sicas), garantizando pluralidad, transparencia y federalismo interno en la toma de decisiones.<br>\u2014 La conformaci\u00f3n de una Mesa de Reconstrucci\u00f3n que elabore un plan inmediato de relanzamiento territorial, con presencia en barrios, sectores del trabajo, juventudes y organizaciones sociales.<\/em><\/p>\n\n\n\n<p><em>Reafirmo mi lealtad a los principios hist\u00f3ricos del movimiento y a una conducci\u00f3n que represente a la totalidad del peronismo y no a un grupo reducido. El momento exige humildad, responsabilidad y apertura.<\/em><\/p>\n\n\n\n<p><em>Sin otro particular, la saludo atentamente.<\/em><\/p>\n\n\n\n<p><em>Carlos Guillermo Reggiardo<\/em><\/p>\n\n\n\n<p><em>Congresal PJ Victoria \u2013 MP CAER N\u00ba 7293 (Tomo I, Folio 198)<br>DNI 30.544.304 \u2013 cgreggiardo@gmail.com \u2013 343 641 6002<br>CC: Consejo Provincial del PJ \u00b7 Consejo Departamental Victoria \u00b7 Tribunal de<br>Disciplina \u00b7 Junta Electoral Partidaria \u00b7 Bloques Legislativos del PJ<\/em><\/p>\n","protected":false},"excerpt":{"rendered":"<p>Tras el lemantable resultado electoral obtenido en las recientes Elecciones Legislativas, que se desarrollaron este domingo 26 de octubre en la provincia de Entre R&iacute;os y el resto del territorio nacional. El Congresal del PJ de Victoria Carlos Guillermo Reggiardo exige la renuncia inmediata de la actual intendenta de la ciudad de Victoria. La misiva [&hellip;]<\/p>\n","protected":false},"author":2,"featured_media":31007,"comment_status":"closed","ping_status":"closed","sticky":false,"template":"","format":"standard","meta":{"footnotes":""},"categories":[11,4],"tags":[3942,4603,1259,5242,1422,568],"class_list":["post-31006","post","type-post","status-publish","format-standard","has-post-thumbnail","hentry","category-politica","category-provinciales","tag-elecciones","tag-guillermo-reggiardo","tag-isa-castagnino","tag-legislativas","tag-renuncia","tag-victoria"],"_links":{"self":[{"href":"https:\/\/impactodenoticias.com.ar\/index.php?rest_route=\/wp\/v2\/posts\/31006","targetHints":{"allow":["GET"]}}],"collection":[{"href":"https:\/\/impactodenoticias.com.ar\/index.php?rest_route=\/wp\/v2\/posts"}],"about":[{"href":"https:\/\/impactodenoticias.com.ar\/index.php?rest_route=\/wp\/v2\/types\/post"}],"author":[{"embeddable":true,"href":"https:\/\/impactodenoticias.com.ar\/index.php?rest_route=\/wp\/v2\/users\/2"}],"replies":[{"embeddable":true,"href":"https:\/\/impactodenoticias.com.ar\/index.php?rest_route=%2Fwp%2Fv2%2Fcomments&post=31006"}],"version-history":[{"count":1,"href":"https:\/\/impactodenoticias.com.ar\/index.php?rest_route=\/wp\/v2\/posts\/31006\/revisions"}],"predecessor-version":[{"id":31008,"href":"https:\/\/impactodenoticias.com.ar\/index.php?rest_route=\/wp\/v2\/posts\/31006\/revisions\/31008"}],"wp:featuredmedia":[{"embeddable":true,"href":"https:\/\/impactodenoticias.com.ar\/index.php?rest_route=\/wp\/v2\/media\/31007"}],"wp:attachment":[{"href":"https:\/\/impactodenoticias.com.ar\/index.php?rest_route=%2Fwp%2Fv2%2Fmedia&parent=31006"}],"wp:term":[{"taxonomy":"category","embeddable":true,"href":"https:\/\/impactodenoticias.com.ar\/index.php?rest_route=%2Fwp%2Fv2%2Fcategories&post=31006"},{"taxonomy":"post_tag","embeddable":true,"href":"https:\/\/impactodenoticias.com.ar\/index.php?rest_route=%2Fwp%2Fv2%2Ftags&post=31006"}],"curies":[{"name":"wp","href":"https:\/\/api.w.org\/{rel}","templated":true}]}}