{"id":31009,"date":"2025-10-27T08:40:15","date_gmt":"2025-10-27T11:40:15","guid":{"rendered":"https:\/\/impactodenoticias.com.ar\/?p=31009"},"modified":"2025-10-29T09:53:14","modified_gmt":"2025-10-29T12:53:14","slug":"elecciones-legislativas-quienes-son-los-tres-senadores-nacionales-electos-por-entre-rios","status":"publish","type":"post","link":"https:\/\/impactodenoticias.com.ar\/?p=31009","title":{"rendered":"Elecciones legislativas: quienes son los tres senadores nacionales electos por Entre R\u00edos"},"content":{"rendered":"\n<h2 class=\"wp-block-heading\">La Alianza La Libertad Avanza fue la fuerza ganadora de las elecciones legislativas nacionales de este domingo en Entre R\u00edos, con lo que el oficialismo nacional se adjudica dos nuevas bancas en el Senado de la Naci\u00f3n, que ser\u00e1n ocupadas por Joaqu\u00edn Benegas Lynch y Romina Almeida, la tercera ser\u00e1 para el peronismo con Ad\u00e1n Bahl.<\/h2>\n\n\n\n<p>El oficialismo super\u00f3 al peronismo con el 52 % por ciento de los votos, contra el 35 % obtenidos por la fuerza opositora.<\/p>\n\n\n\n<p>La coalici\u00f3n electoral que constituyeron los hermanos Milei con el gobernador Rogelio Frigerio en la provincia result\u00f3 ganadora y llen\u00f3 Entre R\u00edos de color violeta en el mapa nacional de las legislativas desarrolladas el domingo.<\/p>\n\n\n\n<p>Joaqu\u00edn Benegas Lynch integra el \u201cclan libertario\u201d que se afianz\u00f3 en la primera l\u00ednea de la pol\u00edtica nacional con el gobierno de Javier Milei. Es uno de los herederos del legado liberal de su abuelo y su padre (hom\u00f3nimos) Alberto. Adem\u00e1s, su hermano \u201cBertie\u201d es diputado nacional por la provincia de Buenos Aires desde diciembre de 2023.<\/p>\n\n\n\n<p>Joaqu\u00edn Benegas es magister en Administraci\u00f3n de Negocios de la Universidad de San Andres y productor agropecuario. Es oriundo de Buenos Aires, con domicilio en La Paz, donde desde La Libertad Avanza informaron que vive desde el 2007 junto a su esposa y sus cinco hijos. Arrib\u00f3 a Entre R\u00edos con proyectos de inversi\u00f3n agropecuaria y fund\u00f3 su empresa de asesoramiento rural Glocal Terra. Tambi\u00e9n es el guitarrista de la \u201cbanda presidencial\u201d que acompa\u00f1a a Javier Milei en sus actuaciones musicales.<\/p>\n\n\n\n<p>Romina Almeida, de 47 a\u00f1os, naci\u00f3 en Gualeguay pero vivi\u00f3 casi toda su vida en Paran\u00e1. No tiene un recorrido pol\u00edtico ni cargos pol\u00edticos. Durante 15 a\u00f1os condujo la pyme familiar Leitis, una f\u00e1brica de galletitas. Es arquitecta. En 2023 fue precandidata a senadora departamental por Paran\u00e1 en las elecciones provinciales, en la lista de La Libertad Avanza.<\/p>\n\n\n\n<p>Ad\u00e1n Bahl es contador y fue ministro de Gobierno de Entre R\u00edos entre el final del gobierno de Jorge Busti y en la gesti\u00f3n completa de Sergio Urribarri. En 2015 busc\u00f3 la candidatura a gobernador del peronismo que finalmente obtuvo Gustavo Bordet, a quien acompa\u00f1\u00f3 como vicegobernador entre 2015 y 2019. Ese a\u00f1o fue electo intendente de Paran\u00e1, cargo que ejereci\u00f3 hasta 2023. Fue candidato a gobernador del justicialismo en las elecciones que triunf\u00f3 Rogelio Frigerio.<\/p>\n\n\n\n<p>Benegas Lynch, Almeida y Bahl reemplazar\u00e1n en el Senado a Alfredo De Angeli (PRO), Stella Olalla (UCR) y Stefan\u00eda Cora (PJ).<\/p>\n","protected":false},"excerpt":{"rendered":"<p>La Alianza La Libertad Avanza fue la fuerza ganadora de las elecciones legislativas nacionales de este domingo en Entre R&iacute;os, con lo que el oficialismo nacional se adjudica dos nuevas bancas en el Senado de la Naci&oacute;n, que ser&aacute;n ocupadas por Joaqu&iacute;n Benegas Lynch y Romina Almeida, la tercera ser&aacute; para el peronismo con Ad&aacute;n [&hellip;]<\/p>\n","protected":false},"author":2,"featured_media":31010,"comment_status":"closed","ping_status":"closed","sticky":false,"template":"","format":"standard","meta":{"footnotes":""},"categories":[11,4],"tags":[125,3942,6126,5242,6127,165],"class_list":["post-31009","post","type-post","status-publish","format-standard","has-post-thumbnail","hentry","category-politica","category-provinciales","tag-adan-bahl","tag-elecciones","tag-joaquin-venegas-lynch","tag-legislativas","tag-romina-almeida","tag-senadores"],"_links":{"self":[{"href":"https:\/\/impactodenoticias.com.ar\/index.php?rest_route=\/wp\/v2\/posts\/31009","targetHints":{"allow":["GET"]}}],"collection":[{"href":"https:\/\/impactodenoticias.com.ar\/index.php?rest_route=\/wp\/v2\/posts"}],"about":[{"href":"https:\/\/impactodenoticias.com.ar\/index.php?rest_route=\/wp\/v2\/types\/post"}],"author":[{"embeddable":true,"href":"https:\/\/impactodenoticias.com.ar\/index.php?rest_route=\/wp\/v2\/users\/2"}],"replies":[{"embeddable":true,"href":"https:\/\/impactodenoticias.com.ar\/index.php?rest_route=%2Fwp%2Fv2%2Fcomments&post=31009"}],"version-history":[{"count":1,"href":"https:\/\/impactodenoticias.com.ar\/index.php?rest_route=\/wp\/v2\/posts\/31009\/revisions"}],"predecessor-version":[{"id":31011,"href":"https:\/\/impactodenoticias.com.ar\/index.php?rest_route=\/wp\/v2\/posts\/31009\/revisions\/31011"}],"wp:featuredmedia":[{"embeddable":true,"href":"https:\/\/impactodenoticias.com.ar\/index.php?rest_route=\/wp\/v2\/media\/31010"}],"wp:attachment":[{"href":"https:\/\/impactodenoticias.com.ar\/index.php?rest_route=%2Fwp%2Fv2%2Fmedia&parent=31009"}],"wp:term":[{"taxonomy":"category","embeddable":true,"href":"https:\/\/impactodenoticias.com.ar\/index.php?rest_route=%2Fwp%2Fv2%2Fcategories&post=31009"},{"taxonomy":"post_tag","embeddable":true,"href":"https:\/\/impactodenoticias.com.ar\/index.php?rest_route=%2Fwp%2Fv2%2Ftags&post=31009"}],"curies":[{"name":"wp","href":"https:\/\/api.w.org\/{rel}","templated":true}]}}