{"id":31012,"date":"2025-10-27T08:49:00","date_gmt":"2025-10-27T11:49:00","guid":{"rendered":"https:\/\/impactodenoticias.com.ar\/?p=31012"},"modified":"2025-10-29T09:53:09","modified_gmt":"2025-10-29T12:53:09","slug":"elecciones-legislativas-quienes-son-los-cinco-nuevos-diputados-nacionales-por-entre-rios","status":"publish","type":"post","link":"https:\/\/impactodenoticias.com.ar\/?p=31012","title":{"rendered":"Elecciones legislativas : qui\u00e9nes son los cinco nuevos diputados nacionales por Entre R\u00edos"},"content":{"rendered":"\n<h2 class=\"wp-block-heading\">La alianza La Libertad Avanza obtuvo un aplastante triunfo en las elecciones legislativas nacionales, la coalici\u00f3n que conformaron el gobierno nacional y el gobierno provincial, que se adjudica de este modo tres de las cinco bancas en juego, dejando al peronismo en el segundo lugar, con las dos bancas restantes.<\/h2>\n\n\n\n<p>El oficialismo super\u00f3 el 52 por ciento de los votos, mientras que el frente peronista obtuvo algo m\u00e1s del 34 por ciento de los sufragios.<\/p>\n\n\n\n<p>Los tres diputados nacionales electos por ALLA son Andr\u00e9s Laumann (La Libertad Avanza), Alicia Fregonese (PRO) y Dar\u00edo Schneider (UCR). Los dos electos por Fuerza Entre R\u00edos son Guillermo Michel y Marianela Marclay, ambos de la lista del peronismo entrerriano, boleta respaldada por la conducci\u00f3n del Partido Justicialista, tras muchos cuestionamientos y cr\u00edticas.<\/p>\n\n\n\n<p>Andr\u00e9s Laumann es de Paran\u00e1 y compiti\u00f3 como candidato a intendente de la ciudad por LLA en 2023. Es uno de los conductores de la fuerza en la provincia, coordin\u00f3 la campa\u00f1a electoral previa a este domingo y tiene tel\u00e9fono directo con Karina y Javier Milei. Se autodefine como \u201cdemo\u0301crata conservador\u201d y est\u00e1 vinculado laboralmente a empresas de movilidad el\u00e9ctrica. Su pareja, D\u00e9bora Todoni, es diputada provincial de La Libertad Avanza y su cu\u00f1ada, Romina Todoni, es concejal libertaria en Paran\u00e1.<\/p>\n\n\n\n<p>Alicia Fregonese es desde diciembre de 2023 presidenta del Consejo General de Educaci\u00f3n (CGE) de Entre R\u00edos, designada por el gobernador Rogelio Frigerio. Ya fue diputada nacional de Entre R\u00edos por el PRO entre 2017 y 2021. Con trayectoria en el campo, fue coordinadora de Educaci\u00f3n Rural en el Ministerio de Educaci\u00f3n de la Naci\u00f3n.<\/p>\n\n\n\n<p>Dar\u00edo Schneider es el ministro de Infraestructura y Servicios de la provincia en la gesti\u00f3n Frigerio. Fue intendente de la ciudad de Crespo en dos per\u00edodos entre 2015 y 2023 y es un referente del radicalismo en la provincia. En las legislativas nacionales de 2021 junto con el ex intendente de Chajar\u00ed, Pedro Galimberti, compitieron en las internas de Juntos por el Cambio con una lista 100% radical frente a la propuesta que en ese momento lideraba Frigerio.<\/p>\n\n\n\n<p>Guillermo Michel es abogado y contador de Gualeguaych\u00fa. Fue funcionario de larga trayectoria dentro de la AFIP, donde lleg\u00f3 a ser director general de la Aduana Nacional durante el per\u00edodo de Sergio Massa al frente del Ministerio de Econom\u00eda entre 2022 y diciembre de 2023, cuando asumi\u00f3 el gobierno nacional de Javier Milei.<\/p>\n\n\n\n<p>Marianela Marclay fue concejal y es la actual secretaria de Desarrollo Social y Educaci\u00f3n de la Municipalidad de Concepci\u00f3n del Uruguay, en la intendencia de Jos\u00e9 Eduardo Lauritto.<\/p>\n\n\n\n<p>Los cinco flamantes diputados nacionales electos por Entre R\u00edos reemplazar\u00e1n en diciembre a los representantes que dejar\u00e1n la C\u00e1mara Baja: Atilio Benedetti, Marcela \u00c1ntola, Nancy Ballejos, Carolina Gaillard y Tom\u00e1s Ledesma.<\/p>\n","protected":false},"excerpt":{"rendered":"<p>La alianza La Libertad Avanza obtuvo un aplastante triunfo en las elecciones legislativas nacionales, la coalici&oacute;n que conformaron el gobierno nacional y el gobierno provincial, que se adjudica de este modo tres de las cinco bancas en juego, dejando al peronismo en el segundo lugar, con las dos bancas restantes. El oficialismo super&oacute; el 52 [&hellip;]<\/p>\n","protected":false},"author":2,"featured_media":31013,"comment_status":"closed","ping_status":"closed","sticky":false,"template":"","format":"standard","meta":{"footnotes":""},"categories":[11,4],"tags":[127,3942,33,5242,3103,6128],"class_list":["post-31012","post","type-post","status-publish","format-standard","has-post-thumbnail","hentry","category-politica","category-provinciales","tag-diputados","tag-elecciones","tag-entre-rios","tag-legislativas","tag-nacionales","tag-nuevos"],"_links":{"self":[{"href":"https:\/\/impactodenoticias.com.ar\/index.php?rest_route=\/wp\/v2\/posts\/31012","targetHints":{"allow":["GET"]}}],"collection":[{"href":"https:\/\/impactodenoticias.com.ar\/index.php?rest_route=\/wp\/v2\/posts"}],"about":[{"href":"https:\/\/impactodenoticias.com.ar\/index.php?rest_route=\/wp\/v2\/types\/post"}],"author":[{"embeddable":true,"href":"https:\/\/impactodenoticias.com.ar\/index.php?rest_route=\/wp\/v2\/users\/2"}],"replies":[{"embeddable":true,"href":"https:\/\/impactodenoticias.com.ar\/index.php?rest_route=%2Fwp%2Fv2%2Fcomments&post=31012"}],"version-history":[{"count":1,"href":"https:\/\/impactodenoticias.com.ar\/index.php?rest_route=\/wp\/v2\/posts\/31012\/revisions"}],"predecessor-version":[{"id":31014,"href":"https:\/\/impactodenoticias.com.ar\/index.php?rest_route=\/wp\/v2\/posts\/31012\/revisions\/31014"}],"wp:featuredmedia":[{"embeddable":true,"href":"https:\/\/impactodenoticias.com.ar\/index.php?rest_route=\/wp\/v2\/media\/31013"}],"wp:attachment":[{"href":"https:\/\/impactodenoticias.com.ar\/index.php?rest_route=%2Fwp%2Fv2%2Fmedia&parent=31012"}],"wp:term":[{"taxonomy":"category","embeddable":true,"href":"https:\/\/impactodenoticias.com.ar\/index.php?rest_route=%2Fwp%2Fv2%2Fcategories&post=31012"},{"taxonomy":"post_tag","embeddable":true,"href":"https:\/\/impactodenoticias.com.ar\/index.php?rest_route=%2Fwp%2Fv2%2Ftags&post=31012"}],"curies":[{"name":"wp","href":"https:\/\/api.w.org\/{rel}","templated":true}]}}