{"id":31027,"date":"2025-10-27T19:46:06","date_gmt":"2025-10-27T22:46:06","guid":{"rendered":"https:\/\/impactodenoticias.com.ar\/?p=31027"},"modified":"2025-10-27T19:46:07","modified_gmt":"2025-10-27T22:46:07","slug":"impactante-despiste-y-vuelco-en-ruta-12-rescataron-y-hospitalizaron-a-dos-personas","status":"publish","type":"post","link":"https:\/\/impactodenoticias.com.ar\/?p=31027","title":{"rendered":"Impactante despiste y vuelco en Ruta 12: rescataron y hospitalizaron a dos personas"},"content":{"rendered":"\n<h2 class=\"wp-block-heading\">En horas de la ma\u00f1ana de este lunes, Bomberos Voluntarios de Mansilla, tuvieron que intervenir en un violento accidente vial que se registr\u00f3 sobre la Ruta Nacional 12, a la altura del kil\u00f3metro 291 y medio, cuando una camioneta Toyota Hilux con dos ocupantes protagoniz\u00f3 un despiste y vuelco.<\/h2>\n\n\n\n<p>Seg\u00fan informaci\u00f3n brindada desde el cuartel de bomberos, el llamado de emergencia se recibi\u00f3 a las 7:34 de la ma\u00f1ana, y al arribar al lugar el personal trabaj\u00f3 en el rescate de las personas que se encontraban atrapadas dentro del veh\u00edculo accidentado. Ambas fueron trasladadas al Hospital \u201cNuestra Se\u00f1ora del Carmen\u201d de Gobernador Mansilla para su debida atenci\u00f3n m\u00e9dica.<\/p>\n\n\n\n<p><\/p>\n\n\n\n<figure class=\"wp-block-image size-full\"><img loading=\"lazy\" decoding=\"async\" width=\"696\" height=\"522\" src=\"https:\/\/impactodenoticias.com.ar\/wp-content\/uploads\/2025\/10\/Despiste-Vuelco-Ruta-12-1.webp\" alt=\"\" class=\"wp-image-31028\" srcset=\"https:\/\/impactodenoticias.com.ar\/wp-content\/uploads\/2025\/10\/Despiste-Vuelco-Ruta-12-1.webp 696w, https:\/\/impactodenoticias.com.ar\/wp-content\/uploads\/2025\/10\/Despiste-Vuelco-Ruta-12-1-300x225.webp 300w\" sizes=\"auto, (max-width: 696px) 100vw, 696px\" \/><\/figure>\n\n\n\n<p><\/p>\n\n\n\n<p>Uno de los heridos fue derivado al Hospital Justo Jos\u00e9 de Urquiza de Concepci\u00f3n del Uruguay, donde fue intervenido quir\u00fargicamente por un golpe en el t\u00f3rax, mientras que el otro permanec\u00eda bajo observaci\u00f3n.<\/p>\n\n\n\n<p>Desde Bomberos se\u00f1alaron su agradecimiento por la colaboraci\u00f3n del Hospital \u201cNtra. Sra. del Carmen\u201d, la Comisar\u00eda Mansilla, y los Bomberos Voluntarios de General Galarza, quienes acudieron r\u00e1midamente al lugar en apoyo del operativo.<\/p>\n","protected":false},"excerpt":{"rendered":"<p>En horas de la ma&ntilde;ana de este lunes, Bomberos Voluntarios de Mansilla, tuvieron que intervenir en un violento accidente vial que se registr&oacute; sobre la Ruta Nacional 12, a la altura del kil&oacute;metro 291 y medio, cuando una camioneta Toyota Hilux con dos ocupantes protagoniz&oacute; un despiste y vuelco. Seg&uacute;n informaci&oacute;n brindada desde el cuartel [&hellip;]<\/p>\n","protected":false},"author":2,"featured_media":31029,"comment_status":"closed","ping_status":"closed","sticky":false,"template":"","format":"standard","meta":{"footnotes":""},"categories":[8,4],"tags":[569,394,118,293,336],"class_list":["post-31027","post","type-post","status-publish","format-standard","has-post-thumbnail","hentry","category-policiales","category-provinciales","tag-despiste","tag-heridos","tag-policiales","tag-ruta-12","tag-vuelco"],"_links":{"self":[{"href":"https:\/\/impactodenoticias.com.ar\/index.php?rest_route=\/wp\/v2\/posts\/31027","targetHints":{"allow":["GET"]}}],"collection":[{"href":"https:\/\/impactodenoticias.com.ar\/index.php?rest_route=\/wp\/v2\/posts"}],"about":[{"href":"https:\/\/impactodenoticias.com.ar\/index.php?rest_route=\/wp\/v2\/types\/post"}],"author":[{"embeddable":true,"href":"https:\/\/impactodenoticias.com.ar\/index.php?rest_route=\/wp\/v2\/users\/2"}],"replies":[{"embeddable":true,"href":"https:\/\/impactodenoticias.com.ar\/index.php?rest_route=%2Fwp%2Fv2%2Fcomments&post=31027"}],"version-history":[{"count":1,"href":"https:\/\/impactodenoticias.com.ar\/index.php?rest_route=\/wp\/v2\/posts\/31027\/revisions"}],"predecessor-version":[{"id":31030,"href":"https:\/\/impactodenoticias.com.ar\/index.php?rest_route=\/wp\/v2\/posts\/31027\/revisions\/31030"}],"wp:featuredmedia":[{"embeddable":true,"href":"https:\/\/impactodenoticias.com.ar\/index.php?rest_route=\/wp\/v2\/media\/31029"}],"wp:attachment":[{"href":"https:\/\/impactodenoticias.com.ar\/index.php?rest_route=%2Fwp%2Fv2%2Fmedia&parent=31027"}],"wp:term":[{"taxonomy":"category","embeddable":true,"href":"https:\/\/impactodenoticias.com.ar\/index.php?rest_route=%2Fwp%2Fv2%2Fcategories&post=31027"},{"taxonomy":"post_tag","embeddable":true,"href":"https:\/\/impactodenoticias.com.ar\/index.php?rest_route=%2Fwp%2Fv2%2Ftags&post=31027"}],"curies":[{"name":"wp","href":"https:\/\/api.w.org\/{rel}","templated":true}]}}