{"id":31048,"date":"2025-10-28T10:10:44","date_gmt":"2025-10-28T13:10:44","guid":{"rendered":"https:\/\/impactodenoticias.com.ar\/?p=31048"},"modified":"2025-10-29T09:52:32","modified_gmt":"2025-10-29T12:52:32","slug":"parana-buscan-intensamente-a-una-joven-de-20-anos-del-barrio-la-milagrosa","status":"publish","type":"post","link":"https:\/\/impactodenoticias.com.ar\/?p=31048","title":{"rendered":"Paran\u00e1: buscan intensamente a una joven de 20 a\u00f1os del barrio La Milagrosa"},"content":{"rendered":"\n<h2 class=\"wp-block-heading\">Desde la Unidad Fiscal de Ni\u00f1os, Ni\u00f1as y Adolescentes de Paran\u00e1 se pide la colaboraci\u00f3n de la ciudadan\u00eda con el fin de dar con el paradero de Celena Denise Sala, de 20 a\u00f1os.<\/h2>\n\n\n\n<p>Sala se habr\u00eda retirado de su hogar de calle Cortada 8 de octubre S\/N\u00b0 del barrio La Milagrosa de Paran\u00e1, el lunes a las 0 horas.<\/p>\n\n\n\n<p>Seg\u00fan inform\u00f3 la Justicia al momento de ausentarse, vest\u00eda un top de mangas largas negro, pantal\u00f3n ancho claro con rayas blancas a los costados y bolsillo, zapatillas Campus negras con rayas blancas y llevaba una ri\u00f1onera de color negra.<\/p>\n\n\n\n<p>La joven mide 1,67 metros de estatura, es de contextura delgada, tez trigue\u00f1a, ojos marrones, pelo largo lacio casta\u00f1o un poco mas debajo de los hombros con flequillo. Tiene tatuajes en el pecho con el nombre Andrea y David, en la pierna derecha en la pantorrilla tiene el escudo de Patronato con una copa, en el brazo derecho el nombre Milena y tiene acn\u00e9 en el rostro.<\/p>\n\n\n\n<p>Cualquier informaci\u00f3n sobre su paradero puede suministrarse al <strong>911<\/strong>, al tel\u00e9fono de la comisar\u00eda D\u00e9cimo Segunda<strong>, 0343-4206212.<\/strong><\/p>\n","protected":false},"excerpt":{"rendered":"<p>Desde la Unidad Fiscal de Ni&ntilde;os, Ni&ntilde;as y Adolescentes de Paran&aacute; se pide la colaboraci&oacute;n de la ciudadan&iacute;a con el fin de dar con el paradero de Celena Denise Sala, de 20 a&ntilde;os. Sala se habr&iacute;a retirado de su hogar de calle Cortada 8 de octubre S\/N&deg; del barrio La Milagrosa de Paran&aacute;, el lunes [&hellip;]<\/p>\n","protected":false},"author":2,"featured_media":31049,"comment_status":"closed","ping_status":"closed","sticky":false,"template":"","format":"standard","meta":{"footnotes":""},"categories":[3,8],"tags":[251,6137,95],"class_list":["post-31048","post","type-post","status-publish","format-standard","has-post-thumbnail","hentry","category-locales","category-policiales","tag-busqueda","tag-celena-denis-sala","tag-parana"],"_links":{"self":[{"href":"https:\/\/impactodenoticias.com.ar\/index.php?rest_route=\/wp\/v2\/posts\/31048","targetHints":{"allow":["GET"]}}],"collection":[{"href":"https:\/\/impactodenoticias.com.ar\/index.php?rest_route=\/wp\/v2\/posts"}],"about":[{"href":"https:\/\/impactodenoticias.com.ar\/index.php?rest_route=\/wp\/v2\/types\/post"}],"author":[{"embeddable":true,"href":"https:\/\/impactodenoticias.com.ar\/index.php?rest_route=\/wp\/v2\/users\/2"}],"replies":[{"embeddable":true,"href":"https:\/\/impactodenoticias.com.ar\/index.php?rest_route=%2Fwp%2Fv2%2Fcomments&post=31048"}],"version-history":[{"count":1,"href":"https:\/\/impactodenoticias.com.ar\/index.php?rest_route=\/wp\/v2\/posts\/31048\/revisions"}],"predecessor-version":[{"id":31050,"href":"https:\/\/impactodenoticias.com.ar\/index.php?rest_route=\/wp\/v2\/posts\/31048\/revisions\/31050"}],"wp:featuredmedia":[{"embeddable":true,"href":"https:\/\/impactodenoticias.com.ar\/index.php?rest_route=\/wp\/v2\/media\/31049"}],"wp:attachment":[{"href":"https:\/\/impactodenoticias.com.ar\/index.php?rest_route=%2Fwp%2Fv2%2Fmedia&parent=31048"}],"wp:term":[{"taxonomy":"category","embeddable":true,"href":"https:\/\/impactodenoticias.com.ar\/index.php?rest_route=%2Fwp%2Fv2%2Fcategories&post=31048"},{"taxonomy":"post_tag","embeddable":true,"href":"https:\/\/impactodenoticias.com.ar\/index.php?rest_route=%2Fwp%2Fv2%2Ftags&post=31048"}],"curies":[{"name":"wp","href":"https:\/\/api.w.org\/{rel}","templated":true}]}}