{"id":31055,"date":"2025-10-28T10:27:08","date_gmt":"2025-10-28T13:27:08","guid":{"rendered":"https:\/\/impactodenoticias.com.ar\/?p=31055"},"modified":"2025-10-28T10:27:08","modified_gmt":"2025-10-28T13:27:08","slug":"tragedia-en-parana-fallecio-una-nina-de-dos-anos-que-cayo-a-una-pileta","status":"publish","type":"post","link":"https:\/\/impactodenoticias.com.ar\/?p=31055","title":{"rendered":"Tragedia en Paran\u00e1: falleci\u00f3 una ni\u00f1a de dos a\u00f1os que cay\u00f3 a una pileta"},"content":{"rendered":"\n<h2 class=\"wp-block-heading\">El lamentable hecho caus\u00f3 hondo pesar en la comunidad paranaense. Muri\u00f3 este lunes en horas de la tarde, una nena de dos a\u00f1os que hab\u00eda ca\u00eddo a una pileta en Paran\u00e1, seg\u00fan confirmaron las autoridades del nosocomio a IMPACTO DE NOTICIAS.<\/h2>\n\n\n\n<p>El lamentable hecho ocurri\u00f3 el domingo por la tarde y la ni\u00f1a hab\u00eda sido derivada al Hospital Materno Infantil \u201cSan Roque\u201d, donde estuvo internada en la Terapia Intensiva.<\/p>\n\n\n\n<p>Seg\u00fan trascendi\u00f3, el terrible hecho se registr\u00f3 en la zona de Bajada Grande. La ni\u00f1a estuvo sumergida varios minutos antes de que otro peque\u00f1o se percatara de lo que estaba pasando y diera aviso. Una vez sacada del agua, fue trasladada r\u00e1pidamente al Hospital Domagk, antes de ser derivada al nosocomio pedi\u00e1trico de referencia. Arrib\u00f3, aproximadamente a las 20, se le practicaron maniobras de reanimaci\u00f3n por alrededor de media hora, hasta que mosotr\u00f3 signos vitales. Pero a pesar de las tareas realizadas por parte de los m\u00e9dicos su situaci\u00f3n era sumamente comprometida.<\/p>\n\n\n\n<p>Finalmente, desde el hospital confirmaron que, lamentablemente la peque\u00f1a falleci\u00f3 en horas de la siesta de este lunes.<\/p>\n","protected":false},"excerpt":{"rendered":"<p>El lamentable hecho caus&oacute; hondo pesar en la comunidad paranaense. Muri&oacute; este lunes en horas de la tarde, una nena de dos a&ntilde;os que hab&iacute;a ca&iacute;do a una pileta en Paran&aacute;, seg&uacute;n confirmaron las autoridades del nosocomio a IMPACTO DE NOTICIAS. El lamentable hecho ocurri&oacute; el domingo por la tarde y la ni&ntilde;a hab&iacute;a sido [&hellip;]<\/p>\n","protected":false},"author":2,"featured_media":31056,"comment_status":"closed","ping_status":"closed","sticky":false,"template":"","format":"standard","meta":{"footnotes":""},"categories":[3,8],"tags":[656,369,666,95,3291,118],"class_list":["post-31055","post","type-post","status-publish","format-standard","has-post-thumbnail","hentry","category-locales","category-policiales","tag-bajada-grande","tag-muerte","tag-nina","tag-parana","tag-pileta","tag-policiales"],"_links":{"self":[{"href":"https:\/\/impactodenoticias.com.ar\/index.php?rest_route=\/wp\/v2\/posts\/31055","targetHints":{"allow":["GET"]}}],"collection":[{"href":"https:\/\/impactodenoticias.com.ar\/index.php?rest_route=\/wp\/v2\/posts"}],"about":[{"href":"https:\/\/impactodenoticias.com.ar\/index.php?rest_route=\/wp\/v2\/types\/post"}],"author":[{"embeddable":true,"href":"https:\/\/impactodenoticias.com.ar\/index.php?rest_route=\/wp\/v2\/users\/2"}],"replies":[{"embeddable":true,"href":"https:\/\/impactodenoticias.com.ar\/index.php?rest_route=%2Fwp%2Fv2%2Fcomments&post=31055"}],"version-history":[{"count":1,"href":"https:\/\/impactodenoticias.com.ar\/index.php?rest_route=\/wp\/v2\/posts\/31055\/revisions"}],"predecessor-version":[{"id":31057,"href":"https:\/\/impactodenoticias.com.ar\/index.php?rest_route=\/wp\/v2\/posts\/31055\/revisions\/31057"}],"wp:featuredmedia":[{"embeddable":true,"href":"https:\/\/impactodenoticias.com.ar\/index.php?rest_route=\/wp\/v2\/media\/31056"}],"wp:attachment":[{"href":"https:\/\/impactodenoticias.com.ar\/index.php?rest_route=%2Fwp%2Fv2%2Fmedia&parent=31055"}],"wp:term":[{"taxonomy":"category","embeddable":true,"href":"https:\/\/impactodenoticias.com.ar\/index.php?rest_route=%2Fwp%2Fv2%2Fcategories&post=31055"},{"taxonomy":"post_tag","embeddable":true,"href":"https:\/\/impactodenoticias.com.ar\/index.php?rest_route=%2Fwp%2Fv2%2Ftags&post=31055"}],"curies":[{"name":"wp","href":"https:\/\/api.w.org\/{rel}","templated":true}]}}