{"id":31064,"date":"2025-10-28T18:08:39","date_gmt":"2025-10-28T21:08:39","guid":{"rendered":"https:\/\/impactodenoticias.com.ar\/?p=31064"},"modified":"2025-10-28T18:08:40","modified_gmt":"2025-10-28T21:08:40","slug":"ruta-11-se-dara-a-conocer-el-veredicto-contra-el-conductor-alcoholizado-que-choco-y-mato-a-cuatro-personas","status":"publish","type":"post","link":"https:\/\/impactodenoticias.com.ar\/?p=31064","title":{"rendered":"Ruta 11: se dar\u00e1 a conocer el veredicto contra el conductor alcoholizado que choc\u00f3 y mat\u00f3 a cuatro personas"},"content":{"rendered":"\n<h2 class=\"wp-block-heading\">El juez del Tribunal de Juicio y Apelaciones, Juan Malvasio, dar\u00e1 a conocer el mi\u00e9rcoles si acepta o no el acuerdo de juicio abreviado en favor de Fabio Dami\u00e1n Ricle, un conductor de Diamante que el a\u00f1o pasado bajo los efectos del alcohol provoc\u00f3 un accidente vial fatal en ruta 11 en el que murieron cuatro personas.<\/h2>\n\n\n\n<p>La pena acordada entre las partes es de cinco a\u00f1os de prisi\u00f3n efectiva y 10 a\u00f1os de inhabilitaci\u00f3n para conducir, ya que la calificaci\u00f3n que se sostuvo para el caso fue Homicidio Culposo Agravado que tiene una pena m\u00e1xima de seis a\u00f1os.<\/p>\n\n\n\n<p>La audiencia se celebr\u00f3 este martes, con la fiscal Micaela Anabel Calgaro, los defensores Pedro Fontanetto y Germ\u00e1n Palomeque, y los querellantes Carlos Antico, Esteban Antico y Fritzler Gauerhoff.<\/p>\n\n\n\n<p>El choque frontal ocurrido el 7 de abril de 2024 en el kil\u00f3metro 52 de la Ruta Provincial 11, entre Las Cuevas y Costa Grande, en el que perdieron la vida a Juan Ramos Luto de 46 a\u00f1os, Alexis Ramos Luto de 25, V\u00edctor Parrone de 43 y Pablo Reynoso de 33. Todos viajaban en un Volkswagen Gol que fue impactado de frente por la Toyota Hilux que conduc\u00eda Ricle.<\/p>\n\n\n\n<p><\/p>\n\n\n\n<figure class=\"wp-block-image size-full\"><img loading=\"lazy\" decoding=\"async\" width=\"642\" height=\"361\" src=\"https:\/\/impactodenoticias.com.ar\/wp-content\/uploads\/2025\/10\/choqueruta11.webp\" alt=\"\" class=\"wp-image-31065\" srcset=\"https:\/\/impactodenoticias.com.ar\/wp-content\/uploads\/2025\/10\/choqueruta11.webp 642w, https:\/\/impactodenoticias.com.ar\/wp-content\/uploads\/2025\/10\/choqueruta11-300x169.webp 300w\" sizes=\"auto, (max-width: 642px) 100vw, 642px\" \/><\/figure>\n\n\n\n<p><\/p>\n\n\n\n<p>De acuerdo al informe policial, el choque se produjo a 150 metros de una curva se\u00f1alizada con doble l\u00ednea amarilla, lo que indica prohibici\u00f3n de sobrepaso. El impacto fue frontal y brutal. Las v\u00edctimas, que hab\u00edan estado cazando en un campo autorizado, llevaban consigo un aire comprimido y una escopeta con permiso.<\/p>\n\n\n\n<p>Ricle, hab\u00eda quedado atrapado en el habit\u00e1culo de su camioneta y fue rescatado por bomberos antes de ser trasladado a dos hospitales, donde se le diagnostic\u00f3 fractura de f\u00e9mur y m\u00faltiples contusiones.<\/p>\n\n\n\n<p>La fiscal\u00eda orden\u00f3 en ese momento la extracci\u00f3n de sangre y orina, y dispuso su detenci\u00f3n por el delito de homicidio culposo agravado por la cantidad de v\u00edctimas.<\/p>\n\n\n\n<p>Lo que agrava a\u00fan m\u00e1s la causa es que Ricle protagoniz\u00f3 otro accidente el 1\u00ba de enero de 2025, tambi\u00e9n en la Ruta 11, a la altura de Costa Grande. Esta vez, choc\u00f3 desde atr\u00e1s a un Fiat Uno, provocando el vuelco de su camioneta y dejando cuatro heridos, entre ellos \u00e9l mismo, cabe se\u00f1alar que Ricle ten\u00eda prohibido conducir mientras se tramitaba la causa por el choque fatal de abril, pero desobedeci\u00f3 la orden judicial. Y adem\u00e1s conduc\u00eda alcoholizado.<\/p>\n\n\n\n<p>Adriana Parrone \u2014viuda de Juan Ramos Luto y madre de Alexis\u2014 expres\u00f3 su angustia en su cuenta en la red social facebook: \u201cLleg\u00f3 el d\u00eda que tanto espero y solo quiero que pagues lo que hiciste, porque como mam\u00e1 estoy muerta en vida: me arrebataste mi hijo y dejaste una criatura de solo dos a\u00f1itos que no pudo disfrutar de su padre. Solo pido justicia por mi hijo y mi esposo, V\u00edctor y Pablo, y que Dios tambi\u00e9n te haga pagar. \u00a1Asesino, borracho! destrozaste la vida a nuestras familias\u201d, destac\u00f3.<\/p>\n","protected":false},"excerpt":{"rendered":"<p>El juez del Tribunal de Juicio y Apelaciones, Juan Malvasio, dar&aacute; a conocer el mi&eacute;rcoles si acepta o no el acuerdo de juicio abreviado en favor de Fabio Dami&aacute;n Ricle, un conductor de Diamante que el a&ntilde;o pasado bajo los efectos del alcohol provoc&oacute; un accidente vial fatal en ruta 11 en el que murieron [&hellip;]<\/p>\n","protected":false},"author":2,"featured_media":31066,"comment_status":"closed","ping_status":"closed","sticky":false,"template":"","format":"standard","meta":{"footnotes":""},"categories":[90,3,8],"tags":[6139,5580,641,6140],"class_list":["post-31064","post","type-post","status-publish","format-standard","has-post-thumbnail","hentry","category-judicial","category-locales","category-policiales","tag-fabio-damian-ricle","tag-juan-malvasio","tag-ruta-11","tag-veredicto"],"_links":{"self":[{"href":"https:\/\/impactodenoticias.com.ar\/index.php?rest_route=\/wp\/v2\/posts\/31064","targetHints":{"allow":["GET"]}}],"collection":[{"href":"https:\/\/impactodenoticias.com.ar\/index.php?rest_route=\/wp\/v2\/posts"}],"about":[{"href":"https:\/\/impactodenoticias.com.ar\/index.php?rest_route=\/wp\/v2\/types\/post"}],"author":[{"embeddable":true,"href":"https:\/\/impactodenoticias.com.ar\/index.php?rest_route=\/wp\/v2\/users\/2"}],"replies":[{"embeddable":true,"href":"https:\/\/impactodenoticias.com.ar\/index.php?rest_route=%2Fwp%2Fv2%2Fcomments&post=31064"}],"version-history":[{"count":1,"href":"https:\/\/impactodenoticias.com.ar\/index.php?rest_route=\/wp\/v2\/posts\/31064\/revisions"}],"predecessor-version":[{"id":31067,"href":"https:\/\/impactodenoticias.com.ar\/index.php?rest_route=\/wp\/v2\/posts\/31064\/revisions\/31067"}],"wp:featuredmedia":[{"embeddable":true,"href":"https:\/\/impactodenoticias.com.ar\/index.php?rest_route=\/wp\/v2\/media\/31066"}],"wp:attachment":[{"href":"https:\/\/impactodenoticias.com.ar\/index.php?rest_route=%2Fwp%2Fv2%2Fmedia&parent=31064"}],"wp:term":[{"taxonomy":"category","embeddable":true,"href":"https:\/\/impactodenoticias.com.ar\/index.php?rest_route=%2Fwp%2Fv2%2Fcategories&post=31064"},{"taxonomy":"post_tag","embeddable":true,"href":"https:\/\/impactodenoticias.com.ar\/index.php?rest_route=%2Fwp%2Fv2%2Ftags&post=31064"}],"curies":[{"name":"wp","href":"https:\/\/api.w.org\/{rel}","templated":true}]}}