{"id":31068,"date":"2025-10-28T18:19:04","date_gmt":"2025-10-28T21:19:04","guid":{"rendered":"https:\/\/impactodenoticias.com.ar\/?p=31068"},"modified":"2025-10-31T09:47:54","modified_gmt":"2025-10-31T12:47:54","slug":"allanamientos-en-vialidad-en-algunas-compras-vimos-sobreprecios-senalo-donda","status":"publish","type":"post","link":"https:\/\/impactodenoticias.com.ar\/?p=31068","title":{"rendered":"Allanamientos en Vialidad: \u201cEn algunas compras vimos sobreprecios\u201d, se\u00f1al\u00f3 Donda"},"content":{"rendered":"\n<h2 class=\"wp-block-heading\">Exequiel Donda, director de la Direcci\u00f3n Provincial de Vialidad \u2013DPV-, brind\u00f3 una conferencia de prensa este martes, tras los allanamientos llevados adelante por la Polic\u00eda de Entre R\u00edos en el organismo, luego de la denuncia realizada por las propias autoridades sobre supuestas irregularidades en la compra de suministros.<\/h2>\n\n\n\n<p>\u201cRealizamos una denuncia por algunos hechos que nos parecieron irregulares porque detectamos inconsistencias en los precios. Nos fuimos dando cuenta adem\u00e1s de algunas sospechas en alg\u00fan hecho que tuvimos el a\u00f1o pasado. A ra\u00edz de esa falta de confianza, cambiamos el jefe de suministros. Cuando ponemos nuevo personal en la Jefatura de Suministros que lleva adelante los procesos, detectamos algunas de estas irregularidades y procedimos a realizar la denuncia correspondiente\u201d, explic\u00f3 Donda.<\/p>\n\n\n\n<p>\u201cEsta denuncia evidentemente ha sido valorada con elementos bastante contundentes porque hoy se tomaron medidas. La delegada judicial con la Polic\u00eda vino y solicit\u00f3 colaboraci\u00f3n. Entregamos algunos expedientes y se llevaron algunas computadoras de la dependencia. Estamos colaborando siempre. Son hechos anteriores y durante mi misma gesti\u00f3n que vimos las irregularidades. Independientemente de que haya sido en mi gesti\u00f3n, los denunciamos igual\u201c, apunt\u00f3.<\/p>\n\n\n\n<p>Donda aclar\u00f3 que las personas involucradas ya trabajaban en Vialidad Provincial. \u201cUno cuando me toc\u00f3 dirigir esto, confiamos en las personas que estaban ocupando esos lugares y decidimos seguir con ellos. Evidentemente nos hemos equivocado en haberles depositado esta confianza y cuando nos dimos cuenta de que no estaban haciendo bien las cosas, procedimos a sacarlos del lugar y realizar la denuncia que cre\u00edamos pertinente\u201c, agreg\u00f3.<\/p>\n\n\n\n<p>Consultado por las irregularidades, continu\u00f3 se\u00f1alando: \u201cEn alguna compra vimos sobreprecios. Es innumerable la cantidad de cosas que se compran a diario. Uno no tiene los precios de todos los bienes de todo lo que se compra. Hay ciertos procesos en que se determinan cu\u00e1nto sale tal o cual cosa. Cada lugar tiene personal encargado y tiene esas responsabilidad. Cuando nos dimos cuenta que nos parec\u00edan medio caros algunos productos en particular, empezamos a poner el ojo m\u00e1s severo y pudimos apreciar de que los precios no se condec\u00edan con la realidad\u201c, a\u00f1adi\u00f3.<\/p>\n\n\n\n<p>Indic\u00f3 adem\u00e1s que los montos totales no est\u00e1n determinados. \u201cFueron distintas operaciones siempre de adquisici\u00f3n de bienes como aceites, lubricantes, repuestos, indumentaria, botines. Est\u00e1n detalladas las compras. Igualmente, estamos abiertos a que si la justicia quiere investigar m\u00e1s, estamos para colaborar\u201d, se\u00f1al\u00f3, y acot\u00f3 que no se precis\u00f3 hasta el momento desde cu\u00e1ndo suceden estas irregularidades. \u201cSon innumerables situaciones\u201d, concluy\u00f3.<\/p>\n","protected":false},"excerpt":{"rendered":"<p>Exequiel Donda, director de la Direcci&oacute;n Provincial de Vialidad &ndash;DPV-, brind&oacute; una conferencia de prensa este martes, tras los allanamientos llevados adelante por la Polic&iacute;a de Entre R&iacute;os en el organismo, luego de la denuncia realizada por las propias autoridades sobre supuestas irregularidades en la compra de suministros. &ldquo;Realizamos una denuncia por algunos hechos que [&hellip;]<\/p>\n","protected":false},"author":2,"featured_media":31069,"comment_status":"closed","ping_status":"closed","sticky":false,"template":"","format":"standard","meta":{"footnotes":""},"categories":[90,8,4],"tags":[395,4768,1421],"class_list":["post-31068","post","type-post","status-publish","format-standard","has-post-thumbnail","hentry","category-judicial","category-policiales","category-provinciales","tag-allanamiento","tag-dpv","tag-exequiel-donda"],"_links":{"self":[{"href":"https:\/\/impactodenoticias.com.ar\/index.php?rest_route=\/wp\/v2\/posts\/31068","targetHints":{"allow":["GET"]}}],"collection":[{"href":"https:\/\/impactodenoticias.com.ar\/index.php?rest_route=\/wp\/v2\/posts"}],"about":[{"href":"https:\/\/impactodenoticias.com.ar\/index.php?rest_route=\/wp\/v2\/types\/post"}],"author":[{"embeddable":true,"href":"https:\/\/impactodenoticias.com.ar\/index.php?rest_route=\/wp\/v2\/users\/2"}],"replies":[{"embeddable":true,"href":"https:\/\/impactodenoticias.com.ar\/index.php?rest_route=%2Fwp%2Fv2%2Fcomments&post=31068"}],"version-history":[{"count":1,"href":"https:\/\/impactodenoticias.com.ar\/index.php?rest_route=\/wp\/v2\/posts\/31068\/revisions"}],"predecessor-version":[{"id":31070,"href":"https:\/\/impactodenoticias.com.ar\/index.php?rest_route=\/wp\/v2\/posts\/31068\/revisions\/31070"}],"wp:featuredmedia":[{"embeddable":true,"href":"https:\/\/impactodenoticias.com.ar\/index.php?rest_route=\/wp\/v2\/media\/31069"}],"wp:attachment":[{"href":"https:\/\/impactodenoticias.com.ar\/index.php?rest_route=%2Fwp%2Fv2%2Fmedia&parent=31068"}],"wp:term":[{"taxonomy":"category","embeddable":true,"href":"https:\/\/impactodenoticias.com.ar\/index.php?rest_route=%2Fwp%2Fv2%2Fcategories&post=31068"},{"taxonomy":"post_tag","embeddable":true,"href":"https:\/\/impactodenoticias.com.ar\/index.php?rest_route=%2Fwp%2Fv2%2Ftags&post=31068"}],"curies":[{"name":"wp","href":"https:\/\/api.w.org\/{rel}","templated":true}]}}