{"id":31083,"date":"2025-10-29T09:23:21","date_gmt":"2025-10-29T12:23:21","guid":{"rendered":"https:\/\/impactodenoticias.com.ar\/?p=31083"},"modified":"2025-10-29T09:23:21","modified_gmt":"2025-10-29T12:23:21","slug":"robaron-un-bar-en-avenida-de-las-americas-de-parana-el-delincuente-pudo-ser-arrestado-dentro-del-local","status":"publish","type":"post","link":"https:\/\/impactodenoticias.com.ar\/?p=31083","title":{"rendered":"Robaron un bar en Avenida de las Am\u00e9ricas de Paran\u00e1: el delincuente pudo ser arrestado dentro del local"},"content":{"rendered":"\n<h2 class=\"wp-block-heading\">En horas de la madrugada, el due\u00f1o de un bar en avenida de Las Am\u00e9ricas y Condarco de Paran\u00e1 se comunic\u00f3 con la Comisar\u00eda Sexta, para dar a conocer que se hab\u00eda activado la alarma de su local debido a la entrada de un delincuente.<\/h2>\n\n\n\n<p>Minutos despu\u00e9s efectivos de la dependencia y de la Divisi\u00f3n 911 se trasladaron al lugar y rodearon la zona. De este modo, pudieron demorar al autor que a\u00fan se encontraba en el interior del negocio.<\/p>\n\n\n\n<p>El malviviente ten\u00eda en su poder la suma de $23.300 y estaba preparado para llevarse varios elementos. Ya ten\u00eda listo para llevarse una TV Samsung, una notebook, un juego de luces, un mouse verde y una zapatilla para luz el\u00e9ctrica.<\/p>\n\n\n\n<p>Informado el fiscal interviniente, orden\u00f3 su detenci\u00f3n y que fuera alojado en la Alcaid\u00eda de Tribunales.<\/p>\n","protected":false},"excerpt":{"rendered":"<p>En horas de la madrugada, el due&ntilde;o de un bar en avenida de Las Am&eacute;ricas y Condarco de Paran&aacute; se comunic&oacute; con la Comisar&iacute;a Sexta, para dar a conocer que se hab&iacute;a activado la alarma de su local debido a la entrada de un delincuente. Minutos despu&eacute;s efectivos de la dependencia y de la Divisi&oacute;n [&hellip;]<\/p>\n","protected":false},"author":2,"featured_media":31084,"comment_status":"closed","ping_status":"closed","sticky":false,"template":"","format":"standard","meta":{"footnotes":""},"categories":[3,8],"tags":[1138,95,118,147],"class_list":["post-31083","post","type-post","status-publish","format-standard","has-post-thumbnail","hentry","category-locales","category-policiales","tag-intento","tag-parana","tag-policiales","tag-robo"],"_links":{"self":[{"href":"https:\/\/impactodenoticias.com.ar\/index.php?rest_route=\/wp\/v2\/posts\/31083","targetHints":{"allow":["GET"]}}],"collection":[{"href":"https:\/\/impactodenoticias.com.ar\/index.php?rest_route=\/wp\/v2\/posts"}],"about":[{"href":"https:\/\/impactodenoticias.com.ar\/index.php?rest_route=\/wp\/v2\/types\/post"}],"author":[{"embeddable":true,"href":"https:\/\/impactodenoticias.com.ar\/index.php?rest_route=\/wp\/v2\/users\/2"}],"replies":[{"embeddable":true,"href":"https:\/\/impactodenoticias.com.ar\/index.php?rest_route=%2Fwp%2Fv2%2Fcomments&post=31083"}],"version-history":[{"count":1,"href":"https:\/\/impactodenoticias.com.ar\/index.php?rest_route=\/wp\/v2\/posts\/31083\/revisions"}],"predecessor-version":[{"id":31085,"href":"https:\/\/impactodenoticias.com.ar\/index.php?rest_route=\/wp\/v2\/posts\/31083\/revisions\/31085"}],"wp:featuredmedia":[{"embeddable":true,"href":"https:\/\/impactodenoticias.com.ar\/index.php?rest_route=\/wp\/v2\/media\/31084"}],"wp:attachment":[{"href":"https:\/\/impactodenoticias.com.ar\/index.php?rest_route=%2Fwp%2Fv2%2Fmedia&parent=31083"}],"wp:term":[{"taxonomy":"category","embeddable":true,"href":"https:\/\/impactodenoticias.com.ar\/index.php?rest_route=%2Fwp%2Fv2%2Fcategories&post=31083"},{"taxonomy":"post_tag","embeddable":true,"href":"https:\/\/impactodenoticias.com.ar\/index.php?rest_route=%2Fwp%2Fv2%2Ftags&post=31083"}],"curies":[{"name":"wp","href":"https:\/\/api.w.org\/{rel}","templated":true}]}}