{"id":31099,"date":"2025-10-29T10:57:55","date_gmt":"2025-10-29T13:57:55","guid":{"rendered":"https:\/\/impactodenoticias.com.ar\/?p=31099"},"modified":"2025-10-31T09:47:15","modified_gmt":"2025-10-31T12:47:15","slug":"el-lunes-se-da-comienzo-al-cronograma-de-pago-para-la-administracion-publica-provincial","status":"publish","type":"post","link":"https:\/\/impactodenoticias.com.ar\/?p=31099","title":{"rendered":"El lunes comienza al cronograma de pago para la administraci\u00f3n p\u00fablica provincial"},"content":{"rendered":"\n<h2 class=\"wp-block-heading\">El Gobierno provincial confirm\u00f3 que el cronograma de pagos para los haberes del mes de octubre, de activos y pasivos de la administraci\u00f3n p\u00fablica de Entre R\u00edos, comienza el pr\u00f3ximo lunes 3 de noviembre, y se extender\u00e1 hasta el lunes 10 de noviembre.<\/h2>\n\n\n\n<p>Tal como el Gobierno comunic\u00f3 en la \u00faltima reuni\u00f3n paritaria estatal del 15 de octubre pasado, se liquidar\u00e1n las sumas fijas que se ven\u00edan abonando, de 50 mil para los activos y 25 mil para los pasivos.<\/p>\n\n\n\n<p><strong>El cronograma de pagos<\/strong><\/p>\n\n\n\n<p>Lunes 3\/11\/2025: hasta 900.000<\/p>\n\n\n\n<p>Martes 4\/11\/2025: desde 900.001 hasta 1.080.000 pesos<\/p>\n\n\n\n<p>Mi\u00e9rcoles 5\/11\/2025: desde 1.080.001 hasta 1.370.000 pesos<\/p>\n\n\n\n<p>Jueves 6\/11\/2011: desde 1.370.001 hasta 1.898.000 pesos<\/p>\n\n\n\n<p>Lunes 10\/11\/2025: superior a 1.898.001 pesos.<\/p>\n","protected":false},"excerpt":{"rendered":"<p>El Gobierno provincial confirm&oacute; que el cronograma de pagos para los haberes del mes de octubre, de activos y pasivos de la administraci&oacute;n p&uacute;blica de Entre R&iacute;os, comienza el pr&oacute;ximo lunes 3 de noviembre, y se extender&aacute; hasta el lunes 10 de noviembre. Tal como el Gobierno comunic&oacute; en la &uacute;ltima reuni&oacute;n paritaria estatal del [&hellip;]<\/p>\n","protected":false},"author":2,"featured_media":31100,"comment_status":"closed","ping_status":"closed","sticky":false,"template":"","format":"standard","meta":{"footnotes":""},"categories":[4,49],"tags":[320,842,33,2129,559],"class_list":["post-31099","post","type-post","status-publish","format-standard","has-post-thumbnail","hentry","category-provinciales","category-sociedad","tag-administracion","tag-cronograma","tag-entre-rios","tag-estatal","tag-pagos"],"_links":{"self":[{"href":"https:\/\/impactodenoticias.com.ar\/index.php?rest_route=\/wp\/v2\/posts\/31099","targetHints":{"allow":["GET"]}}],"collection":[{"href":"https:\/\/impactodenoticias.com.ar\/index.php?rest_route=\/wp\/v2\/posts"}],"about":[{"href":"https:\/\/impactodenoticias.com.ar\/index.php?rest_route=\/wp\/v2\/types\/post"}],"author":[{"embeddable":true,"href":"https:\/\/impactodenoticias.com.ar\/index.php?rest_route=\/wp\/v2\/users\/2"}],"replies":[{"embeddable":true,"href":"https:\/\/impactodenoticias.com.ar\/index.php?rest_route=%2Fwp%2Fv2%2Fcomments&post=31099"}],"version-history":[{"count":2,"href":"https:\/\/impactodenoticias.com.ar\/index.php?rest_route=\/wp\/v2\/posts\/31099\/revisions"}],"predecessor-version":[{"id":31102,"href":"https:\/\/impactodenoticias.com.ar\/index.php?rest_route=\/wp\/v2\/posts\/31099\/revisions\/31102"}],"wp:featuredmedia":[{"embeddable":true,"href":"https:\/\/impactodenoticias.com.ar\/index.php?rest_route=\/wp\/v2\/media\/31100"}],"wp:attachment":[{"href":"https:\/\/impactodenoticias.com.ar\/index.php?rest_route=%2Fwp%2Fv2%2Fmedia&parent=31099"}],"wp:term":[{"taxonomy":"category","embeddable":true,"href":"https:\/\/impactodenoticias.com.ar\/index.php?rest_route=%2Fwp%2Fv2%2Fcategories&post=31099"},{"taxonomy":"post_tag","embeddable":true,"href":"https:\/\/impactodenoticias.com.ar\/index.php?rest_route=%2Fwp%2Fv2%2Ftags&post=31099"}],"curies":[{"name":"wp","href":"https:\/\/api.w.org\/{rel}","templated":true}]}}