{"id":31109,"date":"2025-10-29T14:28:59","date_gmt":"2025-10-29T17:28:59","guid":{"rendered":"https:\/\/impactodenoticias.com.ar\/?p=31109"},"modified":"2025-10-31T09:46:59","modified_gmt":"2025-10-31T12:46:59","slug":"la-municipalidad-de-parana-intima-a-las-empresas-de-colectivos-a-restablecer-el-servicio-en-la-ciudad","status":"publish","type":"post","link":"https:\/\/impactodenoticias.com.ar\/?p=31109","title":{"rendered":"La Municipalidad de Paran\u00e1 intima a las empresas de colectivos a restablecer el servicio en la ciudad"},"content":{"rendered":"\n<h2 class=\"wp-block-heading\">La Municipalidad de Paran\u00e1 inform\u00f3 que intim\u00f3 a las empresas que conforman Buses Paran\u00e1 a restablecer el servicio de transporte urbano de pasajeros, ante la sorpresiva medida de fuerza dispuesta por la Uni\u00f3n Tranviarios Automotor -UTA- Entre R\u00edos.<\/h2>\n\n\n\n<p>\u201cSe intima formalmente para que de inmediato se restablezca el servicio en la ciudad de Paran\u00e1, que debe contar los d\u00edas h\u00e1biles con un total de 80 coches en el turno ma\u00f1ana. Siendo las presentes el inicio de tr\u00e1mite administrativo de ley\u201d, se\u00f1ala el texto enviado por la Subsecretar\u00eda de Movilidad y Transporte a Mariano Moreno y Ersa, al que accedi\u00f3 este medio.<\/p>\n\n\n\n<p>Miles de usuarios se vieron afectados a partir de este mi\u00e9rcoles al mediod\u00eda ante la medida de fuerza urgente. El gremio convoc\u00f3 a los choferes a la explanada de Mariano Moreno, en calle 3 de Febrero, donde se lleva a cabo en estos momentos una asamblea.<\/p>\n\n\n\n<p>Desde la Municipalidad informaron que avanzan en las medidas pertinentes para intimar a las empresas prestatarias del servicios a restituir de inmediato el servicio. Paralelamente, avanzan con la solicitud de intervenci\u00f3n de la Secretar\u00eda de Trabajo de Entre R\u00edos.<\/p>\n\n\n\n<p>El paro se dispuso por tiempo indeterminado y convocan a una \u00aburgente asamblea de choferes en la explanada de la empresa Mariano Moreno\u00bb, en calle 3 de Febrero de la capital entrerriana.<\/p>\n\n\n\n<p>Seg\u00fan trascendi\u00f3 hay malestar en UTA frente a la nueva concesi\u00f3n de colectivos en la ciudad, ante la falta de certezas por la continuidad laboral de los trabajadores.<\/p>\n\n\n\n<p>Es importante destacar que la nueva concesi\u00f3n estar\u00e1 a cargo de la UTE liderada por la empresa San Jos\u00e9. La firma, oriunda de Misiones, que gan\u00f3 la licitaci\u00f3n meses atr\u00e1s, lanz\u00f3 d\u00edas atr\u00e1s convocatoria de choferes y administrativos.<\/p>\n\n\n\n<p>Desde el gremio vienen bregando por la necesidad de garantizar la continuidad de trabajo para los actuales choferes que brindan servicios en Buses Paran\u00e1.<\/p>\n\n\n\n<p>Debido a esta situaci\u00f3n es que resolvieron una medida de fuerza que ya dej\u00f3 sin servicio a miles de usuarios este mediod\u00eda, aun sin fecha precisa de hasta cu\u00e1ndo se extender\u00e1 el paro.<\/p>\n","protected":false},"excerpt":{"rendered":"<p>La Municipalidad de Paran&aacute; inform&oacute; que intim&oacute; a las empresas que conforman Buses Paran&aacute; a restablecer el servicio de transporte urbano de pasajeros, ante la sorpresiva medida de fuerza dispuesta por la Uni&oacute;n Tranviarios Automotor -UTA- Entre R&iacute;os. &ldquo;Se intima formalmente para que de inmediato se restablezca el servicio en la ciudad de Paran&aacute;, que [&hellip;]<\/p>\n","protected":false},"author":2,"featured_media":31110,"comment_status":"closed","ping_status":"closed","sticky":false,"template":"","format":"standard","meta":{"footnotes":""},"categories":[91,3,1902,49],"tags":[808,6146,102,95,2357,935],"class_list":["post-31109","post","type-post","status-publish","format-standard","has-post-thumbnail","hentry","category-gremiales","category-locales","category-municipales","category-sociedad","tag-empresas","tag-intimacion","tag-municipalidad","tag-parana","tag-publico","tag-transporte"],"_links":{"self":[{"href":"https:\/\/impactodenoticias.com.ar\/index.php?rest_route=\/wp\/v2\/posts\/31109","targetHints":{"allow":["GET"]}}],"collection":[{"href":"https:\/\/impactodenoticias.com.ar\/index.php?rest_route=\/wp\/v2\/posts"}],"about":[{"href":"https:\/\/impactodenoticias.com.ar\/index.php?rest_route=\/wp\/v2\/types\/post"}],"author":[{"embeddable":true,"href":"https:\/\/impactodenoticias.com.ar\/index.php?rest_route=\/wp\/v2\/users\/2"}],"replies":[{"embeddable":true,"href":"https:\/\/impactodenoticias.com.ar\/index.php?rest_route=%2Fwp%2Fv2%2Fcomments&post=31109"}],"version-history":[{"count":1,"href":"https:\/\/impactodenoticias.com.ar\/index.php?rest_route=\/wp\/v2\/posts\/31109\/revisions"}],"predecessor-version":[{"id":31111,"href":"https:\/\/impactodenoticias.com.ar\/index.php?rest_route=\/wp\/v2\/posts\/31109\/revisions\/31111"}],"wp:featuredmedia":[{"embeddable":true,"href":"https:\/\/impactodenoticias.com.ar\/index.php?rest_route=\/wp\/v2\/media\/31110"}],"wp:attachment":[{"href":"https:\/\/impactodenoticias.com.ar\/index.php?rest_route=%2Fwp%2Fv2%2Fmedia&parent=31109"}],"wp:term":[{"taxonomy":"category","embeddable":true,"href":"https:\/\/impactodenoticias.com.ar\/index.php?rest_route=%2Fwp%2Fv2%2Fcategories&post=31109"},{"taxonomy":"post_tag","embeddable":true,"href":"https:\/\/impactodenoticias.com.ar\/index.php?rest_route=%2Fwp%2Fv2%2Ftags&post=31109"}],"curies":[{"name":"wp","href":"https:\/\/api.w.org\/{rel}","templated":true}]}}