{"id":31112,"date":"2025-10-29T22:51:09","date_gmt":"2025-10-30T01:51:09","guid":{"rendered":"https:\/\/impactodenoticias.com.ar\/?p=31112"},"modified":"2025-10-29T22:51:09","modified_gmt":"2025-10-30T01:51:09","slug":"parana-se-incendiaron-dos-colectivos-en-acceso-norte","status":"publish","type":"post","link":"https:\/\/impactodenoticias.com.ar\/?p=31112","title":{"rendered":"Paran\u00e1: se incendiaron dos colectivos en Acceso Norte"},"content":{"rendered":"\n<h2 class=\"wp-block-heading\">Personal de bomberos trabaj\u00f3 en el lugar para controlar la situaci\u00f3n y evitar la propagaci\u00f3n del fuego hacia zonas cercanas.<\/h2>\n\n\n\n<p>Una unidad del Cuerpo Activo de Bomberos Voluntarios de Paran\u00e1 se dirigi\u00f3 a Calle Londero, acceso norte, por el incendio de dos colectivos que se encontraban afectados por las llamas.<\/p>\n\n\n\n<p><\/p>\n\n\n\n<figure class=\"wp-block-image size-large\"><img loading=\"lazy\" decoding=\"async\" width=\"576\" height=\"1024\" src=\"https:\/\/impactodenoticias.com.ar\/wp-content\/uploads\/2025\/10\/Incendio-Colectivos-Parana-1-576x1024.jpg\" alt=\"\" class=\"wp-image-31113\" srcset=\"https:\/\/impactodenoticias.com.ar\/wp-content\/uploads\/2025\/10\/Incendio-Colectivos-Parana-1-576x1024.jpg 576w, https:\/\/impactodenoticias.com.ar\/wp-content\/uploads\/2025\/10\/Incendio-Colectivos-Parana-1-169x300.jpg 169w, https:\/\/impactodenoticias.com.ar\/wp-content\/uploads\/2025\/10\/Incendio-Colectivos-Parana-1.jpg 720w\" sizes=\"auto, (max-width: 576px) 100vw, 576px\" \/><\/figure>\n\n\n\n<p><\/p>\n\n\n\n<p>Noticia en desarrollo\u2026<\/p>\n","protected":false},"excerpt":{"rendered":"<p>Personal de bomberos trabaj&oacute; en el lugar para controlar la situaci&oacute;n y evitar la propagaci&oacute;n del fuego hacia zonas cercanas. Una unidad del Cuerpo Activo de Bomberos Voluntarios de Paran&aacute; se dirigi&oacute; a Calle Londero, acceso norte, por el incendio de dos colectivos que se encontraban afectados por las llamas. Noticia en desarrollo&hellip;<\/p>\n","protected":false},"author":2,"featured_media":31114,"comment_status":"closed","ping_status":"closed","sticky":false,"template":"","format":"standard","meta":{"footnotes":""},"categories":[3,8],"tags":[562,348,227,95],"class_list":["post-31112","post","type-post","status-publish","format-standard","has-post-thumbnail","hentry","category-locales","category-policiales","tag-acceso-norte","tag-colectivos","tag-incendio","tag-parana"],"_links":{"self":[{"href":"https:\/\/impactodenoticias.com.ar\/index.php?rest_route=\/wp\/v2\/posts\/31112","targetHints":{"allow":["GET"]}}],"collection":[{"href":"https:\/\/impactodenoticias.com.ar\/index.php?rest_route=\/wp\/v2\/posts"}],"about":[{"href":"https:\/\/impactodenoticias.com.ar\/index.php?rest_route=\/wp\/v2\/types\/post"}],"author":[{"embeddable":true,"href":"https:\/\/impactodenoticias.com.ar\/index.php?rest_route=\/wp\/v2\/users\/2"}],"replies":[{"embeddable":true,"href":"https:\/\/impactodenoticias.com.ar\/index.php?rest_route=%2Fwp%2Fv2%2Fcomments&post=31112"}],"version-history":[{"count":1,"href":"https:\/\/impactodenoticias.com.ar\/index.php?rest_route=\/wp\/v2\/posts\/31112\/revisions"}],"predecessor-version":[{"id":31115,"href":"https:\/\/impactodenoticias.com.ar\/index.php?rest_route=\/wp\/v2\/posts\/31112\/revisions\/31115"}],"wp:featuredmedia":[{"embeddable":true,"href":"https:\/\/impactodenoticias.com.ar\/index.php?rest_route=\/wp\/v2\/media\/31114"}],"wp:attachment":[{"href":"https:\/\/impactodenoticias.com.ar\/index.php?rest_route=%2Fwp%2Fv2%2Fmedia&parent=31112"}],"wp:term":[{"taxonomy":"category","embeddable":true,"href":"https:\/\/impactodenoticias.com.ar\/index.php?rest_route=%2Fwp%2Fv2%2Fcategories&post=31112"},{"taxonomy":"post_tag","embeddable":true,"href":"https:\/\/impactodenoticias.com.ar\/index.php?rest_route=%2Fwp%2Fv2%2Ftags&post=31112"}],"curies":[{"name":"wp","href":"https:\/\/api.w.org\/{rel}","templated":true}]}}