{"id":31122,"date":"2025-10-30T12:30:44","date_gmt":"2025-10-30T15:30:44","guid":{"rendered":"https:\/\/impactodenoticias.com.ar\/?p=31122"},"modified":"2025-10-30T12:30:44","modified_gmt":"2025-10-30T15:30:44","slug":"concepcion-del-uruguay-una-mujer-sufrio-graves-heridas-tras-protagonizar-un-accidente-de-transito","status":"publish","type":"post","link":"https:\/\/impactodenoticias.com.ar\/?p=31122","title":{"rendered":"Concepci\u00f3n del Uruguay: una mujer sufri\u00f3 graves heridas tras protagonizar un accidente de tr\u00e1nsito"},"content":{"rendered":"\n<h2 class=\"wp-block-heading\">Un accidente vial que involucr\u00f3 a dos motocicletas se produjo este jueves en horas de la ma\u00f1ana en Concepci\u00f3n del Uruguay, resultando ambos conductores lesionados y trasladados al hospital local.<\/h2>\n\n\n\n<p>El siniestro vial se registr\u00f3 aproximadamente a las 9, en el cruce de Lacaba y Santa Teresita. Los veh\u00edculos involucrados fueron una motocicleta Corven de 150 cilindradas, conducida por un hombre de 31 a\u00f1os, que circulaba por calle Santa Teresita en sentido este a oeste, y una Motomel de 110 cilindradas, manejada por una mujer de 29 a\u00f1os, que circulaba por calle Lacaba en sentido norte a sur.<\/p>\n\n\n\n<p>Tras el choque en la intersecci\u00f3n, ambos conductores resultaron con lesiones. Una ambulancia traslad\u00f3 a ambos hacia el nosocomio local para recibir atenci\u00f3n m\u00e9dica. La mujer sufri\u00f3 la fractura de clavicula izquierda, mientras que el conductor de la otra moto afortunadamente solo tuvo lesiones leves.<\/p>\n","protected":false},"excerpt":{"rendered":"<p>Un accidente vial que involucr&oacute; a dos motocicletas se produjo este jueves en horas de la ma&ntilde;ana en Concepci&oacute;n del Uruguay, resultando ambos conductores lesionados y trasladados al hospital local. El siniestro vial se registr&oacute; aproximadamente a las 9, en el cruce de Lacaba y Santa Teresita. Los veh&iacute;culos involucrados fueron una motocicleta Corven de [&hellip;]<\/p>\n","protected":false},"author":2,"featured_media":31123,"comment_status":"closed","ping_status":"closed","sticky":false,"template":"","format":"standard","meta":{"footnotes":""},"categories":[8,4],"tags":[120,324,394,2347,118],"class_list":["post-31122","post","type-post","status-publish","format-standard","has-post-thumbnail","hentry","category-policiales","category-provinciales","tag-accidente","tag-concepcion-del-uruguay","tag-heridos","tag-motos","tag-policiales"],"_links":{"self":[{"href":"https:\/\/impactodenoticias.com.ar\/index.php?rest_route=\/wp\/v2\/posts\/31122","targetHints":{"allow":["GET"]}}],"collection":[{"href":"https:\/\/impactodenoticias.com.ar\/index.php?rest_route=\/wp\/v2\/posts"}],"about":[{"href":"https:\/\/impactodenoticias.com.ar\/index.php?rest_route=\/wp\/v2\/types\/post"}],"author":[{"embeddable":true,"href":"https:\/\/impactodenoticias.com.ar\/index.php?rest_route=\/wp\/v2\/users\/2"}],"replies":[{"embeddable":true,"href":"https:\/\/impactodenoticias.com.ar\/index.php?rest_route=%2Fwp%2Fv2%2Fcomments&post=31122"}],"version-history":[{"count":1,"href":"https:\/\/impactodenoticias.com.ar\/index.php?rest_route=\/wp\/v2\/posts\/31122\/revisions"}],"predecessor-version":[{"id":31124,"href":"https:\/\/impactodenoticias.com.ar\/index.php?rest_route=\/wp\/v2\/posts\/31122\/revisions\/31124"}],"wp:featuredmedia":[{"embeddable":true,"href":"https:\/\/impactodenoticias.com.ar\/index.php?rest_route=\/wp\/v2\/media\/31123"}],"wp:attachment":[{"href":"https:\/\/impactodenoticias.com.ar\/index.php?rest_route=%2Fwp%2Fv2%2Fmedia&parent=31122"}],"wp:term":[{"taxonomy":"category","embeddable":true,"href":"https:\/\/impactodenoticias.com.ar\/index.php?rest_route=%2Fwp%2Fv2%2Fcategories&post=31122"},{"taxonomy":"post_tag","embeddable":true,"href":"https:\/\/impactodenoticias.com.ar\/index.php?rest_route=%2Fwp%2Fv2%2Ftags&post=31122"}],"curies":[{"name":"wp","href":"https:\/\/api.w.org\/{rel}","templated":true}]}}