{"id":31140,"date":"2025-10-31T09:28:38","date_gmt":"2025-10-31T12:28:38","guid":{"rendered":"https:\/\/impactodenoticias.com.ar\/?p=31140"},"modified":"2025-10-31T09:29:09","modified_gmt":"2025-10-31T12:29:09","slug":"concordia-una-nena-de-dos-anos-padecio-un-grave-accidente","status":"publish","type":"post","link":"https:\/\/impactodenoticias.com.ar\/?p=31140","title":{"rendered":"Concordia: una nena de dos a\u00f1os padeci\u00f3 un grave accidente"},"content":{"rendered":"\n<h2 class=\"wp-block-heading\">Un accidente de tr\u00e1nsito se produjo en horas de la tarde del 30 de octubre en la intersecci\u00f3n de calles Lieberman y Laprida.<\/h2>\n\n\n\n<p>El conductor de una moto Honda Wave circulaba por calle Lieberman de este a oeste, se\u00f1al\u00f3 haber sentido que algo era succionado por la rueda trasera de su moto. Al frenar abruptamente y descender, descubri\u00f3 que se trataba del pie izquierdo de su hija de 2 a\u00f1os, quien era transportada envuelta en una frazada por su madre.<\/p>\n\n\n\n<p>La menor fue trasladada de inmediato al Hospital Masvernat, donde se diagnostic\u00f3 una fractura expuesta en el dedo hallux izquierdo. Actualmente, se encuentra en observaci\u00f3n y ser\u00e1 sometida a una intervenci\u00f3n quir\u00fargica.<\/p>\n\n\n\n<p>El Fiscal Dr. Mart\u00edn N\u00fa\u00f1ez dispuso la retenci\u00f3n del motoveh\u00edculo involucrado en el accidente. La investigaci\u00f3n contin\u00faa para determinar las causas exactas del hecho.<\/p>\n","protected":false},"excerpt":{"rendered":"<p>Un accidente de tr&aacute;nsito se produjo en horas de la tarde del 30 de octubre en la intersecci&oacute;n de calles Lieberman y Laprida. El conductor de una moto Honda Wave circulaba por calle Lieberman de este a oeste, se&ntilde;al&oacute; haber sentido que algo era succionado por la rueda trasera de su moto. Al frenar abruptamente [&hellip;]<\/p>\n","protected":false},"author":2,"featured_media":31141,"comment_status":"closed","ping_status":"closed","sticky":false,"template":"","format":"standard","meta":{"footnotes":""},"categories":[8,4],"tags":[120,72,2055,388,666,118],"class_list":["post-31140","post","type-post","status-publish","format-standard","has-post-thumbnail","hentry","category-policiales","category-provinciales","tag-accidente","tag-concordia","tag-herida","tag-moto","tag-nina","tag-policiales"],"_links":{"self":[{"href":"https:\/\/impactodenoticias.com.ar\/index.php?rest_route=\/wp\/v2\/posts\/31140","targetHints":{"allow":["GET"]}}],"collection":[{"href":"https:\/\/impactodenoticias.com.ar\/index.php?rest_route=\/wp\/v2\/posts"}],"about":[{"href":"https:\/\/impactodenoticias.com.ar\/index.php?rest_route=\/wp\/v2\/types\/post"}],"author":[{"embeddable":true,"href":"https:\/\/impactodenoticias.com.ar\/index.php?rest_route=\/wp\/v2\/users\/2"}],"replies":[{"embeddable":true,"href":"https:\/\/impactodenoticias.com.ar\/index.php?rest_route=%2Fwp%2Fv2%2Fcomments&post=31140"}],"version-history":[{"count":1,"href":"https:\/\/impactodenoticias.com.ar\/index.php?rest_route=\/wp\/v2\/posts\/31140\/revisions"}],"predecessor-version":[{"id":31142,"href":"https:\/\/impactodenoticias.com.ar\/index.php?rest_route=\/wp\/v2\/posts\/31140\/revisions\/31142"}],"wp:featuredmedia":[{"embeddable":true,"href":"https:\/\/impactodenoticias.com.ar\/index.php?rest_route=\/wp\/v2\/media\/31141"}],"wp:attachment":[{"href":"https:\/\/impactodenoticias.com.ar\/index.php?rest_route=%2Fwp%2Fv2%2Fmedia&parent=31140"}],"wp:term":[{"taxonomy":"category","embeddable":true,"href":"https:\/\/impactodenoticias.com.ar\/index.php?rest_route=%2Fwp%2Fv2%2Fcategories&post=31140"},{"taxonomy":"post_tag","embeddable":true,"href":"https:\/\/impactodenoticias.com.ar\/index.php?rest_route=%2Fwp%2Fv2%2Ftags&post=31140"}],"curies":[{"name":"wp","href":"https:\/\/api.w.org\/{rel}","templated":true}]}}