{"id":31143,"date":"2025-10-31T09:41:06","date_gmt":"2025-10-31T12:41:06","guid":{"rendered":"https:\/\/impactodenoticias.com.ar\/?p=31143"},"modified":"2025-10-31T09:41:07","modified_gmt":"2025-10-31T12:41:07","slug":"investigacion-en-rosario-del-tala-ademas-de-los-huesos-encontraron-dientes-y-prendas-con-sangre","status":"publish","type":"post","link":"https:\/\/impactodenoticias.com.ar\/?p=31143","title":{"rendered":"Investigaci\u00f3n en Rosario del Tala: adem\u00e1s de los huesos, encontraron dientes y prendas con sangre"},"content":{"rendered":"\n<h2 class=\"wp-block-heading\">Personal de la Jefatura Departamental Tala, junto a efectivos de distintas \u00e1reas operativas y el perros de la Divisi\u00f3n Canes de la Direcci\u00f3n General de Operaciones y Seguridad P\u00fablica, efectuaron este mi\u00e9rcoles un extenso rastrillaje en una zona rural de Rosario del Tala, luego del hallazgo de restos \u00f3seos en inmediaciones de la Ruta 15, camino a Sauce Norte.<\/h2>\n\n\n\n<p>El operativo, que se prolong\u00f3 desde las 8 hasta las 17:30, fue generado por el aviso de lugare\u00f1os que encontraron partes de un cuerpo en el lugar. Adem\u00e1s de los restos encontrados en un primer momento por un vecino de la zona ahora aparecieron m\u00e1s huesos \u00f3seos peque\u00f1os.<\/p>\n\n\n\n<p>La fiscal de Concordia, Daniela Montangie, se\u00f1al\u00f3 que r\u00e1pidamente se hicieron presentes en la zona efectivos policiales, personal de la Divisi\u00f3n Criminal\u00edstica y autoridades judiciales para llevar a cabo los secuestros pertinentes. Por cuesti\u00f3n de jurisdicci\u00f3n interviene Emilce Reynoso de Tala.<\/p>\n\n\n\n<p><\/p>\n\n\n\n<figure class=\"wp-block-image size-large\"><img loading=\"lazy\" decoding=\"async\" width=\"1024\" height=\"589\" src=\"https:\/\/impactodenoticias.com.ar\/wp-content\/uploads\/2025\/10\/multimedia.normal.bd9aba419cf6d773.bm9ybWFsLndlYnA-1024x589.webp\" alt=\"\" class=\"wp-image-31145\" srcset=\"https:\/\/impactodenoticias.com.ar\/wp-content\/uploads\/2025\/10\/multimedia.normal.bd9aba419cf6d773.bm9ybWFsLndlYnA-1024x589.webp 1024w, https:\/\/impactodenoticias.com.ar\/wp-content\/uploads\/2025\/10\/multimedia.normal.bd9aba419cf6d773.bm9ybWFsLndlYnA-300x173.webp 300w, https:\/\/impactodenoticias.com.ar\/wp-content\/uploads\/2025\/10\/multimedia.normal.bd9aba419cf6d773.bm9ybWFsLndlYnA-768x442.webp 768w, https:\/\/impactodenoticias.com.ar\/wp-content\/uploads\/2025\/10\/multimedia.normal.bd9aba419cf6d773.bm9ybWFsLndlYnA.webp 1200w\" sizes=\"auto, (max-width: 1024px) 100vw, 1024px\" \/><\/figure>\n\n\n\n<p><\/p>\n\n\n\n<p>Por la tarde se hallaron 17 peque\u00f1as piezas \u00f3seas fragmentadas \u2014dos de ellas con piezas dentarias\u2014 y prendas de vestir con manchas de sangre. A unos 30 metros del punto inicial se encontraron adem\u00e1s otros elementos que fueron relevados y trasladados para futuras pericias.<\/p>\n\n\n\n<p>Los restos encontrados el mi\u00e9rcoles a la tarde fueron un cr\u00e1neo incompleto, un maxilar con dentadura y otros restos compatibles con un antebrazo y una mano\u201d, detall\u00f3 el Jefe de la Departamental Tala, Pedro Silva.<\/p>\n\n\n\n<p>Los restos fueron enviados al laboratorio forense de Oro Verde, donde se les realizar\u00e1n estudios de ADN y pericias m\u00e9dico-legales. \u201cSe traslad\u00f3 a Oro Verde a efectos de hacer la pertinente identificaci\u00f3n con ADN, ver la posibilidad de hacer autopsia y dem\u00e1s\u201d, explic\u00f3 Montangie. Los nuevos restos tambi\u00e9n ser\u00e1n trasladados a Oro Verde.<\/p>\n\n\n\n<p>De acuerdo a los primeros indicios, el hallazgo podr\u00eda estar vinculado a la causa por el asesinato de Mart\u00edn Palacios, el chofer que hab\u00eda llegado a Concordia el martes 7 de octubre con su Toyota Corolla blanco y fue visto por \u00faltima vez antes de que el acusado, Pablo Laurta \u2014ciudadano uruguayo\u2014, emprendiera su escape hacia C\u00f3rdoba. \u201cPor las coincidencias, creemos que es lo que est\u00e1bamos buscando\u201d, expres\u00f3 la fiscal.<\/p>\n\n\n\n<p>Partes del cuerpo de Palacio fueron halladas el martes 14 en la zona de Estaci\u00f3n Yeru\u00e1, en un camino vecinal que une Yeru\u00e1 con General Campos.<\/p>\n\n\n\n<p>Montangie se\u00f1al\u00f3 que los investigadores lograron reconstruir el trayecto de Laurta mediante el an\u00e1lisis de antenas de telefon\u00eda y c\u00e1maras de videovigilancia.<\/p>\n\n\n\n<p>Ese recorrido incluye las localidades de Rosario del Tala, Nogoy\u00e1, Victoria y Rosario, zonas donde ya se ven\u00edan realizando rastrillajes en coordinaci\u00f3n con fuerzas de Concordia, San Salvador y Federal. \u201cPor el lugar donde se encontraron los restos tiene que haber pasado Laurta manejando el Toyota blanco\u201d, precis\u00f3.<\/p>\n\n\n\n<p>En cuanto a los pr\u00f3ximos pasos, la fiscal indic\u00f3 que se realizar\u00e1n estudios de ADN tanto de los restos hallados en Tala como de los encontrados previamente en Concordia. Se evaluar\u00e1 adem\u00e1s la posibilidad de identificaci\u00f3n a trav\u00e9s de piezas dentarias, dependiendo del estado de conservaci\u00f3n del material.<\/p>\n\n\n\n<p>Cpnsultado sobre la situaci\u00f3n procesal del imputado, Montangie se\u00f1al\u00f3 que no est\u00e1 previsto por el momento el traslado de Pablo Laurta desde C\u00f3rdoba hacia Entre R\u00edos. \u201cEl defensor lo puede requerir en cualquier momento y el juzgado de garant\u00eda lo solicita al requerimiento, porque \u00e9l tiene derecho a hablar con su defensor. Pero hasta el momento no ha sido requerido\u201d, finaliz\u00f3.<\/p>\n","protected":false},"excerpt":{"rendered":"<p>Personal de la Jefatura Departamental Tala, junto a efectivos de distintas &aacute;reas operativas y el perros de la Divisi&oacute;n Canes de la Direcci&oacute;n General de Operaciones y Seguridad P&uacute;blica, efectuaron este mi&eacute;rcoles un extenso rastrillaje en una zona rural de Rosario del Tala, luego del hallazgo de restos &oacute;seos en inmediaciones de la Ruta 15, [&hellip;]<\/p>\n","protected":false},"author":2,"featured_media":31144,"comment_status":"closed","ping_status":"closed","sticky":false,"template":"","format":"standard","meta":{"footnotes":""},"categories":[90,8,4],"tags":[6154,576,6147,6108,6023,1981,6155],"class_list":["post-31143","post","type-post","status-publish","format-standard","has-post-thumbnail","hentry","category-judicial","category-policiales","category-provinciales","tag-dientes","tag-hallazgo","tag-huesos","tag-martin-palacio","tag-pablo-laurta","tag-rosario-del-tala","tag-sauce-norte"],"_links":{"self":[{"href":"https:\/\/impactodenoticias.com.ar\/index.php?rest_route=\/wp\/v2\/posts\/31143","targetHints":{"allow":["GET"]}}],"collection":[{"href":"https:\/\/impactodenoticias.com.ar\/index.php?rest_route=\/wp\/v2\/posts"}],"about":[{"href":"https:\/\/impactodenoticias.com.ar\/index.php?rest_route=\/wp\/v2\/types\/post"}],"author":[{"embeddable":true,"href":"https:\/\/impactodenoticias.com.ar\/index.php?rest_route=\/wp\/v2\/users\/2"}],"replies":[{"embeddable":true,"href":"https:\/\/impactodenoticias.com.ar\/index.php?rest_route=%2Fwp%2Fv2%2Fcomments&post=31143"}],"version-history":[{"count":1,"href":"https:\/\/impactodenoticias.com.ar\/index.php?rest_route=\/wp\/v2\/posts\/31143\/revisions"}],"predecessor-version":[{"id":31146,"href":"https:\/\/impactodenoticias.com.ar\/index.php?rest_route=\/wp\/v2\/posts\/31143\/revisions\/31146"}],"wp:featuredmedia":[{"embeddable":true,"href":"https:\/\/impactodenoticias.com.ar\/index.php?rest_route=\/wp\/v2\/media\/31144"}],"wp:attachment":[{"href":"https:\/\/impactodenoticias.com.ar\/index.php?rest_route=%2Fwp%2Fv2%2Fmedia&parent=31143"}],"wp:term":[{"taxonomy":"category","embeddable":true,"href":"https:\/\/impactodenoticias.com.ar\/index.php?rest_route=%2Fwp%2Fv2%2Fcategories&post=31143"},{"taxonomy":"post_tag","embeddable":true,"href":"https:\/\/impactodenoticias.com.ar\/index.php?rest_route=%2Fwp%2Fv2%2Ftags&post=31143"}],"curies":[{"name":"wp","href":"https:\/\/api.w.org\/{rel}","templated":true}]}}