{"id":31147,"date":"2025-10-31T09:46:22","date_gmt":"2025-10-31T12:46:22","guid":{"rendered":"https:\/\/impactodenoticias.com.ar\/?p=31147"},"modified":"2025-11-01T11:54:43","modified_gmt":"2025-11-01T14:54:43","slug":"frigerio-subrayo-la-reunion-de-los-gobernadores-con-el-presidente-y-senalo-que-hay-trabajar-juntos","status":"publish","type":"post","link":"https:\/\/impactodenoticias.com.ar\/?p=31147","title":{"rendered":"Frigerio ponder\u00f3 la reuni\u00f3n de los gobernadores con el presidente y se\u00f1al\u00f3 que \u201chay trabajar juntos\u201d"},"content":{"rendered":"\n<h2 class=\"wp-block-heading\">El gobernador de Entre R\u00edos, Rogelio Frigerio, calific\u00f3 el jueves como \u201cuna reuni\u00f3n de trabajo\u201d, al encuentro que mantuvo junto a sus pares provinciales con el presidente Javier Milei y afirm\u00f3 que \u201chay otra actitud\u201d entre la Casa Rosada y las provincias de cara a las reformas estructurales que el Gobierno busca impulsar.<\/h2>\n\n\n\n<p>\u201cFue una reuni\u00f3n de trabajo, estuvimos cerca de dos horas y media conversando con el Presidente y todo su Gabinete sobre los temas m\u00e1s importantes que enfrenta la Argentina de cara al futuro\u201d, indic\u00f3 Frigerio, al t\u00e9rmino del encuentro, en declaraciones al canal televisivas.<\/p>\n\n\n\n<p>El gobernador entrerriano precis\u00f3 que el temario incluy\u00f3 \u201clas reformas estructurales\u201d que la Argentina viene \u201cpateando en los \u00faltimos 30 a\u00f1os\u201d.<\/p>\n\n\n\n<p>Y agreg\u00f3 que: \u201cCreo que estamos m\u00e1s cerca que nunca de llevarlas a buen puerto, m\u00e1s all\u00e1 de la necesaria discusi\u00f3n del Presupuesto que tambi\u00e9n se debe el pa\u00eds\u201d.<\/p>\n\n\n\n<p>Consultado sobre la diferencia con la reuni\u00f3n anterior entre el Gobierno y los mandatarios provinciales, el gobernador destac\u00f3 que \u201cahora hay otra actitud\u201d.<\/p>\n\n\n\n<p>\u201cHay una conciencia del Gobierno y de las provincias, que se mostraron predispuestas a colaborar, de que tenemos que trabajar juntos porque estamos frente a una posibilidad hist\u00f3rica\u201d, se\u00f1al\u00f3.<\/p>\n\n\n\n<p>El gobernador entrerriano agreg\u00f3 que \u201cla ciudadan\u00eda entendi\u00f3 que este es el camino y no hay que volver atr\u00e1s\u201d y se\u00f1al\u00f3 que el Gobierno convocar\u00e1 a sesiones extraordinarias del Congreso en diciembre para debatir las reformas que promueve el Ejecutivo.<\/p>\n","protected":false},"excerpt":{"rendered":"<p>El gobernador de Entre R&iacute;os, Rogelio Frigerio, calific&oacute; el jueves como &ldquo;una reuni&oacute;n de trabajo&rdquo;, al encuentro que mantuvo junto a sus pares provinciales con el presidente Javier Milei y afirm&oacute; que &ldquo;hay otra actitud&rdquo; entre la Casa Rosada y las provincias de cara a las reformas estructurales que el Gobierno busca impulsar. &ldquo;Fue una [&hellip;]<\/p>\n","protected":false},"author":2,"featured_media":31148,"comment_status":"closed","ping_status":"closed","sticky":false,"template":"","format":"standard","meta":{"footnotes":""},"categories":[10,11],"tags":[1842,4453,212,310,39],"class_list":["post-31147","post","type-post","status-publish","format-standard","has-post-thumbnail","hentry","category-nacionales","category-politica","tag-casa-rosada","tag-gobernadores","tag-javier-milei","tag-reunion","tag-rogelio-frigerio"],"_links":{"self":[{"href":"https:\/\/impactodenoticias.com.ar\/index.php?rest_route=\/wp\/v2\/posts\/31147","targetHints":{"allow":["GET"]}}],"collection":[{"href":"https:\/\/impactodenoticias.com.ar\/index.php?rest_route=\/wp\/v2\/posts"}],"about":[{"href":"https:\/\/impactodenoticias.com.ar\/index.php?rest_route=\/wp\/v2\/types\/post"}],"author":[{"embeddable":true,"href":"https:\/\/impactodenoticias.com.ar\/index.php?rest_route=\/wp\/v2\/users\/2"}],"replies":[{"embeddable":true,"href":"https:\/\/impactodenoticias.com.ar\/index.php?rest_route=%2Fwp%2Fv2%2Fcomments&post=31147"}],"version-history":[{"count":2,"href":"https:\/\/impactodenoticias.com.ar\/index.php?rest_route=\/wp\/v2\/posts\/31147\/revisions"}],"predecessor-version":[{"id":31156,"href":"https:\/\/impactodenoticias.com.ar\/index.php?rest_route=\/wp\/v2\/posts\/31147\/revisions\/31156"}],"wp:featuredmedia":[{"embeddable":true,"href":"https:\/\/impactodenoticias.com.ar\/index.php?rest_route=\/wp\/v2\/media\/31148"}],"wp:attachment":[{"href":"https:\/\/impactodenoticias.com.ar\/index.php?rest_route=%2Fwp%2Fv2%2Fmedia&parent=31147"}],"wp:term":[{"taxonomy":"category","embeddable":true,"href":"https:\/\/impactodenoticias.com.ar\/index.php?rest_route=%2Fwp%2Fv2%2Fcategories&post=31147"},{"taxonomy":"post_tag","embeddable":true,"href":"https:\/\/impactodenoticias.com.ar\/index.php?rest_route=%2Fwp%2Fv2%2Ftags&post=31147"}],"curies":[{"name":"wp","href":"https:\/\/api.w.org\/{rel}","templated":true}]}}