{"id":31153,"date":"2025-10-31T09:57:56","date_gmt":"2025-10-31T12:57:56","guid":{"rendered":"https:\/\/impactodenoticias.com.ar\/?p=31153"},"modified":"2025-11-01T11:54:34","modified_gmt":"2025-11-01T14:54:34","slug":"nacion-transferira-a-la-provincia-casi-50-mil-millones-para-la-caja-de-jubilaciones","status":"publish","type":"post","link":"https:\/\/impactodenoticias.com.ar\/?p=31153","title":{"rendered":"Naci\u00f3n transferir\u00e1 a la Provincia casi $50 mil millones para la Caja de Jubilaciones"},"content":{"rendered":"\n<h2 class=\"wp-block-heading\">El gobierno nacional le transferir\u00e1 a la provincia de Entre R\u00edos $48 mil millones, en ocho cuotas de $6 mil millones. Los fondos corresponden a un acuerdo firmado entre la Provincia y Anses, por recursos adeudados a la Caja de Jubilaciones, destac\u00f3 el fiscal de Estado, Julio Rodr\u00edguez Signes.<\/h2>\n\n\n\n<p>Gracias al entendimiento, el gobierno no asistir\u00e1 a la audiencia prevista por el tema en la Corte Suprema, donde el superior tribunal judicial iba a tomar cartas en el reclamo iniciado por la gesti\u00f3n de Rogelio Frigerio por $154 mil millones. Con este convenio ya rubricado, pr\u00e1cticamente un tercio de lo pedido estar\u00e1 arribando a Entre R\u00edos entre fines de 2025 y mediados de 2026.<\/p>\n\n\n\n<p>Rodr\u00edguez Signes se\u00f1al\u00f3 adem\u00e1s, que la diferencia que a\u00fan resta acordar ser\u00e1 pautada en un nuevo convenio, despu\u00e9s que se haga las auditor\u00edas correspondientes y se certifique el monto exacto del pasivo pendiente de cobro.<\/p>\n","protected":false},"excerpt":{"rendered":"<p>El gobierno nacional le transferir&aacute; a la provincia de Entre R&iacute;os $48 mil millones, en ocho cuotas de $6 mil millones. Los fondos corresponden a un acuerdo firmado entre la Provincia y Anses, por recursos adeudados a la Caja de Jubilaciones, destac&oacute; el fiscal de Estado, Julio Rodr&iacute;guez Signes. Gracias al entendimiento, el gobierno no [&hellip;]<\/p>\n","protected":false},"author":2,"featured_media":31154,"comment_status":"closed","ping_status":"closed","sticky":false,"template":"","format":"standard","meta":{"footnotes":""},"categories":[11,4],"tags":[58,33,1263,2355,1302,6157],"class_list":["post-31153","post","type-post","status-publish","format-standard","has-post-thumbnail","hentry","category-politica","category-provinciales","tag-caja-de-jubilaciones","tag-entre-rios","tag-fondos","tag-julio-rodriguez-signes","tag-nacion","tag-transferencia"],"_links":{"self":[{"href":"https:\/\/impactodenoticias.com.ar\/index.php?rest_route=\/wp\/v2\/posts\/31153","targetHints":{"allow":["GET"]}}],"collection":[{"href":"https:\/\/impactodenoticias.com.ar\/index.php?rest_route=\/wp\/v2\/posts"}],"about":[{"href":"https:\/\/impactodenoticias.com.ar\/index.php?rest_route=\/wp\/v2\/types\/post"}],"author":[{"embeddable":true,"href":"https:\/\/impactodenoticias.com.ar\/index.php?rest_route=\/wp\/v2\/users\/2"}],"replies":[{"embeddable":true,"href":"https:\/\/impactodenoticias.com.ar\/index.php?rest_route=%2Fwp%2Fv2%2Fcomments&post=31153"}],"version-history":[{"count":1,"href":"https:\/\/impactodenoticias.com.ar\/index.php?rest_route=\/wp\/v2\/posts\/31153\/revisions"}],"predecessor-version":[{"id":31155,"href":"https:\/\/impactodenoticias.com.ar\/index.php?rest_route=\/wp\/v2\/posts\/31153\/revisions\/31155"}],"wp:featuredmedia":[{"embeddable":true,"href":"https:\/\/impactodenoticias.com.ar\/index.php?rest_route=\/wp\/v2\/media\/31154"}],"wp:attachment":[{"href":"https:\/\/impactodenoticias.com.ar\/index.php?rest_route=%2Fwp%2Fv2%2Fmedia&parent=31153"}],"wp:term":[{"taxonomy":"category","embeddable":true,"href":"https:\/\/impactodenoticias.com.ar\/index.php?rest_route=%2Fwp%2Fv2%2Fcategories&post=31153"},{"taxonomy":"post_tag","embeddable":true,"href":"https:\/\/impactodenoticias.com.ar\/index.php?rest_route=%2Fwp%2Fv2%2Ftags&post=31153"}],"curies":[{"name":"wp","href":"https:\/\/api.w.org\/{rel}","templated":true}]}}