{"id":31167,"date":"2025-11-01T10:27:24","date_gmt":"2025-11-01T13:27:24","guid":{"rendered":"https:\/\/impactodenoticias.com.ar\/?p=31167"},"modified":"2025-11-02T11:09:00","modified_gmt":"2025-11-02T14:09:00","slug":"parana-nuevo-aumento-de-combustibles-en-la-empresa-shell","status":"publish","type":"post","link":"https:\/\/impactodenoticias.com.ar\/?p=31167","title":{"rendered":"Paran\u00e1: nuevo aumento de combustibles en la empresa Shell"},"content":{"rendered":"\n<h2 class=\"wp-block-heading\">El incremento varia entre el 1 y el 1,9%, dependiendo del tipo de combustible. El aumento se da en el marco de la pol\u00edtica de \u00abmicroprecios\u00bb y la suba del impuesto dispuesta por Naci\u00f3n.<\/h2>\n\n\n\n<p>La empresa Shell aplic\u00f3 un nuevo incremento en los precios de sus combustibles a partir de este s\u00e1bado 1 de noviembre. La medida impact\u00f3 desde las primeras horas de este s\u00e1bado los surtidores de Paran\u00e1.<\/p>\n\n\n\n<p>Seg\u00fan supo <strong>IMPACTO DE NOTICIAS<\/strong>, el aumento se aplic\u00f3 desde la medianoche y oscila entre el 1,03% y el 1,92%, con variaciones en los porcentajes de acuerdo al tipo de combustible.<\/p>\n\n\n\n<p>El incremento se da en el marco de la pol\u00edtica de \u201cmicroprecios\u201c, adem\u00e1s de la entrada en vigencia del Decreto 782\/2025 del Gobierno nacional, que dispuso un nuevo incremento en el impuesto a los combustibles l\u00edquidos y al di\u00f3xido de carbono.<\/p>\n\n\n\n<p><strong>Los nuevos valores de Shell en Paran\u00e1<\/strong><\/p>\n\n\n\n<p>\u2013 Nafta s\u00faper: de $1.622 a $1.643 (+1,29%)<\/p>\n\n\n\n<p>\u2013 VPower nafta: de $1.878 a $1.914 (+1,92%)<\/p>\n\n\n\n<p>\u2013 Evolux di\u00e9sel: de $1.655 a $1.672 (+1,03%)<\/p>\n\n\n\n<p>\u2013 VPower di\u00e9sel: de $1.891 a $1.920 (+1,53%).<\/p>\n","protected":false},"excerpt":{"rendered":"<p>El incremento varia entre el 1 y el 1,9%, dependiendo del tipo de combustible. El aumento se da en el marco de la pol&iacute;tica de &laquo;microprecios&raquo; y la suba del impuesto dispuesta por Naci&oacute;n. La empresa Shell aplic&oacute; un nuevo incremento en los precios de sus combustibles a partir de este s&aacute;bado 1 de noviembre. [&hellip;]<\/p>\n","protected":false},"author":2,"featured_media":31168,"comment_status":"closed","ping_status":"closed","sticky":false,"template":"","format":"standard","meta":{"footnotes":""},"categories":[3,49],"tags":[57,2725,95],"class_list":["post-31167","post","type-post","status-publish","format-standard","has-post-thumbnail","hentry","category-locales","category-sociedad","tag-aumento","tag-combustibles","tag-parana"],"_links":{"self":[{"href":"https:\/\/impactodenoticias.com.ar\/index.php?rest_route=\/wp\/v2\/posts\/31167","targetHints":{"allow":["GET"]}}],"collection":[{"href":"https:\/\/impactodenoticias.com.ar\/index.php?rest_route=\/wp\/v2\/posts"}],"about":[{"href":"https:\/\/impactodenoticias.com.ar\/index.php?rest_route=\/wp\/v2\/types\/post"}],"author":[{"embeddable":true,"href":"https:\/\/impactodenoticias.com.ar\/index.php?rest_route=\/wp\/v2\/users\/2"}],"replies":[{"embeddable":true,"href":"https:\/\/impactodenoticias.com.ar\/index.php?rest_route=%2Fwp%2Fv2%2Fcomments&post=31167"}],"version-history":[{"count":1,"href":"https:\/\/impactodenoticias.com.ar\/index.php?rest_route=\/wp\/v2\/posts\/31167\/revisions"}],"predecessor-version":[{"id":31169,"href":"https:\/\/impactodenoticias.com.ar\/index.php?rest_route=\/wp\/v2\/posts\/31167\/revisions\/31169"}],"wp:featuredmedia":[{"embeddable":true,"href":"https:\/\/impactodenoticias.com.ar\/index.php?rest_route=\/wp\/v2\/media\/31168"}],"wp:attachment":[{"href":"https:\/\/impactodenoticias.com.ar\/index.php?rest_route=%2Fwp%2Fv2%2Fmedia&parent=31167"}],"wp:term":[{"taxonomy":"category","embeddable":true,"href":"https:\/\/impactodenoticias.com.ar\/index.php?rest_route=%2Fwp%2Fv2%2Fcategories&post=31167"},{"taxonomy":"post_tag","embeddable":true,"href":"https:\/\/impactodenoticias.com.ar\/index.php?rest_route=%2Fwp%2Fv2%2Ftags&post=31167"}],"curies":[{"name":"wp","href":"https:\/\/api.w.org\/{rel}","templated":true}]}}