{"id":31171,"date":"2025-11-01T11:05:12","date_gmt":"2025-11-01T14:05:12","guid":{"rendered":"https:\/\/impactodenoticias.com.ar\/?p=31171"},"modified":"2025-11-01T11:44:45","modified_gmt":"2025-11-01T14:44:45","slug":"parana-enfrentamiento-a-los-tiros-en-bajada-grande","status":"publish","type":"post","link":"https:\/\/impactodenoticias.com.ar\/?p=31171","title":{"rendered":"Paran\u00e1: enfrentamiento a los tiros en Bajada Grande"},"content":{"rendered":"\n<h2 class=\"wp-block-heading\">Personal de la comisar\u00eda 11\u00aa intervino en un violento hecho que se produjo en la zona de Bajada Grande, en Paran\u00e1. Lo que se inici\u00f3 como una pelea termin\u00f3 en un enfrentamiento armado, que muestra una vez m\u00e1s, la preocupante proliferaci\u00f3n de armas en manos de civiles.<\/h2>\n\n\n\n<p>El violento episodio ocurri\u00f3 aproximadamente a las 17:30 en calle Croacia Sur, donde, por motivos que se est\u00e1n investigando, los involucrados iniciaron una pelea que deriv\u00f3 en una situaci\u00f3n de extrema tensi\u00f3n.<\/p>\n\n\n\n<p>Ante el llamado de los vecinos, intervino raudamente personal del Grupo Especial G.O.M., junto a efectivos de la Comisar\u00eda 11\u00aa y de la Direcci\u00f3n Criminal\u00edstica, quienes llevaron a cabo las primeras diligencias en el lugar.<\/p>\n\n\n\n<p>Tras el operativo policial, dos personas fueron demoradas y se secuestr\u00f3 una moto vinculada al hecho. Las actuaciones quedaron en manos de la Fiscal\u00eda en turno, que orden\u00f3 las medidas correspondientes para avanzar con la investigaci\u00f3n y determinar las circunstancias del conflicto.<\/p>\n\n\n\n<p>En la zona de Bajada Grande a\u00fan se hace eco el crimen de Jazm\u00edn Gonz\u00e1lez, la adolescente de 16 a\u00f1os que fue asesinada de un disparo el domingo 19 de octubre tras una fiesta en esa misma zona.<\/p>\n","protected":false},"excerpt":{"rendered":"<p>Personal de la comisar&iacute;a 11&ordf; intervino en un violento hecho que se produjo en la zona de Bajada Grande, en Paran&aacute;. Lo que se inici&oacute; como una pelea termin&oacute; en un enfrentamiento armado, que muestra una vez m&aacute;s, la preocupante proliferaci&oacute;n de armas en manos de civiles. El violento episodio ocurri&oacute; aproximadamente a las 17:30 [&hellip;]<\/p>\n","protected":false},"author":2,"featured_media":31172,"comment_status":"closed","ping_status":"closed","sticky":false,"template":"","format":"standard","meta":{"footnotes":""},"categories":[3,8],"tags":[656,138,95,118,376],"class_list":["post-31171","post","type-post","status-publish","format-standard","has-post-thumbnail","hentry","category-locales","category-policiales","tag-bajada-grande","tag-detenidos","tag-parana","tag-policiales","tag-violencia"],"_links":{"self":[{"href":"https:\/\/impactodenoticias.com.ar\/index.php?rest_route=\/wp\/v2\/posts\/31171","targetHints":{"allow":["GET"]}}],"collection":[{"href":"https:\/\/impactodenoticias.com.ar\/index.php?rest_route=\/wp\/v2\/posts"}],"about":[{"href":"https:\/\/impactodenoticias.com.ar\/index.php?rest_route=\/wp\/v2\/types\/post"}],"author":[{"embeddable":true,"href":"https:\/\/impactodenoticias.com.ar\/index.php?rest_route=\/wp\/v2\/users\/2"}],"replies":[{"embeddable":true,"href":"https:\/\/impactodenoticias.com.ar\/index.php?rest_route=%2Fwp%2Fv2%2Fcomments&post=31171"}],"version-history":[{"count":1,"href":"https:\/\/impactodenoticias.com.ar\/index.php?rest_route=\/wp\/v2\/posts\/31171\/revisions"}],"predecessor-version":[{"id":31173,"href":"https:\/\/impactodenoticias.com.ar\/index.php?rest_route=\/wp\/v2\/posts\/31171\/revisions\/31173"}],"wp:featuredmedia":[{"embeddable":true,"href":"https:\/\/impactodenoticias.com.ar\/index.php?rest_route=\/wp\/v2\/media\/31172"}],"wp:attachment":[{"href":"https:\/\/impactodenoticias.com.ar\/index.php?rest_route=%2Fwp%2Fv2%2Fmedia&parent=31171"}],"wp:term":[{"taxonomy":"category","embeddable":true,"href":"https:\/\/impactodenoticias.com.ar\/index.php?rest_route=%2Fwp%2Fv2%2Fcategories&post=31171"},{"taxonomy":"post_tag","embeddable":true,"href":"https:\/\/impactodenoticias.com.ar\/index.php?rest_route=%2Fwp%2Fv2%2Ftags&post=31171"}],"curies":[{"name":"wp","href":"https:\/\/api.w.org\/{rel}","templated":true}]}}