{"id":31180,"date":"2025-11-01T11:54:16","date_gmt":"2025-11-01T14:54:16","guid":{"rendered":"https:\/\/impactodenoticias.com.ar\/?p=31180"},"modified":"2025-11-01T11:54:16","modified_gmt":"2025-11-01T14:54:16","slug":"san-salvador-el-conducor-de-una-moto-conducia-en-estado-de-ebridad-y-termino-protagonizando-un-accidente","status":"publish","type":"post","link":"https:\/\/impactodenoticias.com.ar\/?p=31180","title":{"rendered":"San Salvador: el conducor de una moto conduc\u00eda en estado de ebridad y termin\u00f3 protagonizando un accidente"},"content":{"rendered":"\n<h2 class=\"wp-block-heading\">Una joven result\u00f3 lesionada y hospitalizada luego de sufrir el vuelco de la moto en la que iba de acompa\u00f1ante. El accidnete vial se registr\u00f3 en la ciudad de San Salvador. El conductor manejaba en estado de ebriedad.<\/h2>\n\n\n\n<p>El siniestro vial se produjo este s\u00e1bado a las 3 de la madrugada. Intervino personal del comando radioel\u00e9ctrico en el vuelco que sucedi\u00f3 en calle Presidente Illia y Belgrano.<\/p>\n\n\n\n<p>En el lugar volc\u00f3 una motocicleta Honda, modelo CBX 250 blanca, la conduc\u00eda un joven de 30 a\u00f1os y acompa\u00f1ado de una chica de 24 a\u00f1os, ambos oriundos de San Salvador.<\/p>\n\n\n\n<p>Debido a las heridas producidas por la ca\u00edda, la joven result\u00f3 con lesiones, por lo cual fue trasladada por una ambulancia hacia el hospital local. Se inform\u00f3 que presentaba lesiones de car\u00e1cter leves, quedando en observaci\u00f3n por unas horas.<\/p>\n\n\n\n<p>En el lugar se dio intervenci\u00f3n al personal de Tr\u00e1nsito Municipal, quienes realizaronel test de alcoholemia al conductor, que arroj\u00f3 resultado positivo, se retuvo adem\u00e1s el motoveh\u00edculo.<\/p>\n","protected":false},"excerpt":{"rendered":"<p>Una joven result&oacute; lesionada y hospitalizada luego de sufrir el vuelco de la moto en la que iba de acompa&ntilde;ante. El accidnete vial se registr&oacute; en la ciudad de San Salvador. El conductor manejaba en estado de ebriedad. El siniestro vial se produjo este s&aacute;bado a las 3 de la madrugada. Intervino personal del comando [&hellip;]<\/p>\n","protected":false},"author":2,"featured_media":31181,"comment_status":"closed","ping_status":"closed","sticky":false,"template":"","format":"standard","meta":{"footnotes":""},"categories":[8,4],"tags":[120,619,394,388,118,639],"class_list":["post-31180","post","type-post","status-publish","format-standard","has-post-thumbnail","hentry","category-policiales","category-provinciales","tag-accidente","tag-ebriedad","tag-heridos","tag-moto","tag-policiales","tag-san-salvador"],"_links":{"self":[{"href":"https:\/\/impactodenoticias.com.ar\/index.php?rest_route=\/wp\/v2\/posts\/31180","targetHints":{"allow":["GET"]}}],"collection":[{"href":"https:\/\/impactodenoticias.com.ar\/index.php?rest_route=\/wp\/v2\/posts"}],"about":[{"href":"https:\/\/impactodenoticias.com.ar\/index.php?rest_route=\/wp\/v2\/types\/post"}],"author":[{"embeddable":true,"href":"https:\/\/impactodenoticias.com.ar\/index.php?rest_route=\/wp\/v2\/users\/2"}],"replies":[{"embeddable":true,"href":"https:\/\/impactodenoticias.com.ar\/index.php?rest_route=%2Fwp%2Fv2%2Fcomments&post=31180"}],"version-history":[{"count":1,"href":"https:\/\/impactodenoticias.com.ar\/index.php?rest_route=\/wp\/v2\/posts\/31180\/revisions"}],"predecessor-version":[{"id":31182,"href":"https:\/\/impactodenoticias.com.ar\/index.php?rest_route=\/wp\/v2\/posts\/31180\/revisions\/31182"}],"wp:featuredmedia":[{"embeddable":true,"href":"https:\/\/impactodenoticias.com.ar\/index.php?rest_route=\/wp\/v2\/media\/31181"}],"wp:attachment":[{"href":"https:\/\/impactodenoticias.com.ar\/index.php?rest_route=%2Fwp%2Fv2%2Fmedia&parent=31180"}],"wp:term":[{"taxonomy":"category","embeddable":true,"href":"https:\/\/impactodenoticias.com.ar\/index.php?rest_route=%2Fwp%2Fv2%2Fcategories&post=31180"},{"taxonomy":"post_tag","embeddable":true,"href":"https:\/\/impactodenoticias.com.ar\/index.php?rest_route=%2Fwp%2Fv2%2Ftags&post=31180"}],"curies":[{"name":"wp","href":"https:\/\/api.w.org\/{rel}","templated":true}]}}