{"id":31192,"date":"2025-11-01T18:32:42","date_gmt":"2025-11-01T21:32:42","guid":{"rendered":"https:\/\/impactodenoticias.com.ar\/?p=31192"},"modified":"2025-11-01T18:32:42","modified_gmt":"2025-11-01T21:32:42","slug":"concepcion-del-uruguay-rescataron-a-27-pasajeros-de-un-micro-que-se-incendio-en-plena-ruta","status":"publish","type":"post","link":"https:\/\/impactodenoticias.com.ar\/?p=31192","title":{"rendered":"Concepci\u00f3n del Uruguay: rescataron a 27 pasajeros de un micro que se incendi\u00f3 en plena ruta"},"content":{"rendered":"\n<h2 class=\"wp-block-heading\">En horas de la madrugada de este s\u00e1bado, aproximadamente a las 4.10, un colectivo de la empresa Expreso Paraguay se incendi\u00f3 por completo en el kil\u00f3metro 112 de la Autov\u00eda Nacional Artigas, ocurri\u00f3 a pocos kil\u00f3metros de Concepci\u00f3n del Uruguay.<\/h2>\n\n\n\n<p>A bordo del \u00f3mnibus viajaban 27 pasajeros, quienes fueron evacuados velozmente gracias a la intervenci\u00f3n de los bomberos y del propio chofer. Seg\u00fan se se\u00f1al\u00f3, todos lograron descender ilesos y pudieron retirar la totalidad de sus pertenencias antes de que el fuego se propagara por todo el micro.<\/p>\n\n\n\n<p>Al arribar los bomberos constataron que el veh\u00edculo estaba totalmente tomado por las llamas, por lo que comenzaron a trabajar con l\u00edneas de 38 mil\u00edmetros para controlar el foco, mientras se solicitaba apoyo log\u00edstico. Poco despu\u00e9s, se incorpor\u00f3 el m\u00f3vil 22 para tareas de abastecimiento de agua.<\/p>\n\n\n\n<p>El operativo demand\u00f3 m\u00e1s de una hora y media de trabajo coordinado entre los cuarteles de Concepci\u00f3n del Uruguay y Colonia El\u00eda, quienes lograron extinguir las llamas y proceder luego al enfriamiento del rodado.<\/p>\n\n\n\n<p>Seg\u00fan las primeras pericias, el incendio se habr\u00eda originado por un desperfecto mec\u00e1nico o el\u00e9ctrico. El colectivo qued\u00f3 totalmente consumido por el fuego, quedando solo su estructura met\u00e1lica.<\/p>\n\n\n\n<p>Mientras los bomberos llevaban a cabo las tareas de control y enfriamiento, los 27 pasajeros fueron trasladados a otro colectivo de la misma empresa, que los aguardaba en el lugar para continuar el viaje hacia Buenos Aires.<\/p>\n","protected":false},"excerpt":{"rendered":"<p>En horas de la madrugada de este s&aacute;bado, aproximadamente a las 4.10, un colectivo de la empresa Expreso Paraguay se incendi&oacute; por completo en el kil&oacute;metro 112 de la Autov&iacute;a Nacional Artigas, ocurri&oacute; a pocos kil&oacute;metros de Concepci&oacute;n del Uruguay. A bordo del &oacute;mnibus viajaban 27 pasajeros, quienes fueron evacuados velozmente gracias a la intervenci&oacute;n [&hellip;]<\/p>\n","protected":false},"author":2,"featured_media":31193,"comment_status":"closed","ping_status":"closed","sticky":false,"template":"","format":"standard","meta":{"footnotes":""},"categories":[8,4],"tags":[324,227,228,2358,967,828],"class_list":["post-31192","post","type-post","status-publish","format-standard","has-post-thumbnail","hentry","category-policiales","category-provinciales","tag-concepcion-del-uruguay","tag-incendio","tag-micro","tag-pasajeros","tag-rescate","tag-ruta-14"],"_links":{"self":[{"href":"https:\/\/impactodenoticias.com.ar\/index.php?rest_route=\/wp\/v2\/posts\/31192","targetHints":{"allow":["GET"]}}],"collection":[{"href":"https:\/\/impactodenoticias.com.ar\/index.php?rest_route=\/wp\/v2\/posts"}],"about":[{"href":"https:\/\/impactodenoticias.com.ar\/index.php?rest_route=\/wp\/v2\/types\/post"}],"author":[{"embeddable":true,"href":"https:\/\/impactodenoticias.com.ar\/index.php?rest_route=\/wp\/v2\/users\/2"}],"replies":[{"embeddable":true,"href":"https:\/\/impactodenoticias.com.ar\/index.php?rest_route=%2Fwp%2Fv2%2Fcomments&post=31192"}],"version-history":[{"count":1,"href":"https:\/\/impactodenoticias.com.ar\/index.php?rest_route=\/wp\/v2\/posts\/31192\/revisions"}],"predecessor-version":[{"id":31194,"href":"https:\/\/impactodenoticias.com.ar\/index.php?rest_route=\/wp\/v2\/posts\/31192\/revisions\/31194"}],"wp:featuredmedia":[{"embeddable":true,"href":"https:\/\/impactodenoticias.com.ar\/index.php?rest_route=\/wp\/v2\/media\/31193"}],"wp:attachment":[{"href":"https:\/\/impactodenoticias.com.ar\/index.php?rest_route=%2Fwp%2Fv2%2Fmedia&parent=31192"}],"wp:term":[{"taxonomy":"category","embeddable":true,"href":"https:\/\/impactodenoticias.com.ar\/index.php?rest_route=%2Fwp%2Fv2%2Fcategories&post=31192"},{"taxonomy":"post_tag","embeddable":true,"href":"https:\/\/impactodenoticias.com.ar\/index.php?rest_route=%2Fwp%2Fv2%2Ftags&post=31192"}],"curies":[{"name":"wp","href":"https:\/\/api.w.org\/{rel}","templated":true}]}}