{"id":31199,"date":"2025-11-02T10:48:29","date_gmt":"2025-11-02T13:48:29","guid":{"rendered":"https:\/\/impactodenoticias.com.ar\/?p=31199"},"modified":"2025-11-02T10:48:29","modified_gmt":"2025-11-02T13:48:29","slug":"ruta-11-el-conductor-de-un-vehiculo-invadio-el-carril-contrario-y-termino-embistiendo-a-otro-automovil","status":"publish","type":"post","link":"https:\/\/impactodenoticias.com.ar\/?p=31199","title":{"rendered":"Ruta 11: el conductor de un veh\u00edculo invadi\u00f3 el carril contrario y termin\u00f3 embistiendo a otro autom\u00f3vil"},"content":{"rendered":"\n<h2 class=\"wp-block-heading\">El siniestro vial sucedi\u00f3 en horas de la madrugada de este domingo en el kil\u00f3metro 18 de la Ruta Provincial 11. Dos autos colisionaron y uno de los conductores, oriundo de Paran\u00e1, tuvo que ser trasladado al Hospital San Mart\u00edn con lesiones leves.<\/h2>\n\n\n\n<p>En las primeras horas de la madrugada de este domingo, personal policial de la Comisar\u00eda de Aldea Brasilera intervino en un accidente vial ocurrido sobre la Ruta Provincial 11, a la altura del kil\u00f3metro 18.<\/p>\n\n\n\n<p>De acuerdo a informaci\u00f3n brindada por fuentes policiales, dos veh\u00edculos participaron del choque: un Volkswagen Gol, conducido por un hombre de 47 a\u00f1os con domicilio en Paran\u00e1, y un Fiat Siena que circulaba en sentido contrario, ocupado por dos j\u00f3venes de 21 a\u00f1os, un hombre y una mujer, ambos oriundos de Diamante.<\/p>\n\n\n\n<p>En principio se indic\u00f3 que el Volkswagen habr\u00eda invadido el carril contrario, generando un violento impacto lateral con el Siena. Como resultado, el conductor del Gol sufri\u00f3 lesiones leves y fue trasladado al Hospital San Mart\u00edn de la capital provincial para recibir atenci\u00f3n m\u00e9dica.<\/p>\n\n\n\n<p>Por disposici\u00f3n del Ministerio P\u00fablico Fiscal, intervino el personal de Polic\u00eda Cient\u00edfica de Diamante, que llev\u00f3 a cabo las pericias correspondientes para determinar las circunstancias que llevaron a desatar el accidente vial.<\/p>\n","protected":false},"excerpt":{"rendered":"<p>El siniestro vial sucedi&oacute; en horas de la madrugada de este domingo en el kil&oacute;metro 18 de la Ruta Provincial 11. Dos autos colisionaron y uno de los conductores, oriundo de Paran&aacute;, tuvo que ser trasladado al Hospital San Mart&iacute;n con lesiones leves. En las primeras horas de la madrugada de este domingo, personal policial [&hellip;]<\/p>\n","protected":false},"author":2,"featured_media":31200,"comment_status":"closed","ping_status":"closed","sticky":false,"template":"","format":"standard","meta":{"footnotes":""},"categories":[8,4],"tags":[120,394,118,641,189],"class_list":["post-31199","post","type-post","status-publish","format-standard","has-post-thumbnail","hentry","category-policiales","category-provinciales","tag-accidente","tag-heridos","tag-policiales","tag-ruta-11","tag-vial"],"_links":{"self":[{"href":"https:\/\/impactodenoticias.com.ar\/index.php?rest_route=\/wp\/v2\/posts\/31199","targetHints":{"allow":["GET"]}}],"collection":[{"href":"https:\/\/impactodenoticias.com.ar\/index.php?rest_route=\/wp\/v2\/posts"}],"about":[{"href":"https:\/\/impactodenoticias.com.ar\/index.php?rest_route=\/wp\/v2\/types\/post"}],"author":[{"embeddable":true,"href":"https:\/\/impactodenoticias.com.ar\/index.php?rest_route=\/wp\/v2\/users\/2"}],"replies":[{"embeddable":true,"href":"https:\/\/impactodenoticias.com.ar\/index.php?rest_route=%2Fwp%2Fv2%2Fcomments&post=31199"}],"version-history":[{"count":1,"href":"https:\/\/impactodenoticias.com.ar\/index.php?rest_route=\/wp\/v2\/posts\/31199\/revisions"}],"predecessor-version":[{"id":31201,"href":"https:\/\/impactodenoticias.com.ar\/index.php?rest_route=\/wp\/v2\/posts\/31199\/revisions\/31201"}],"wp:featuredmedia":[{"embeddable":true,"href":"https:\/\/impactodenoticias.com.ar\/index.php?rest_route=\/wp\/v2\/media\/31200"}],"wp:attachment":[{"href":"https:\/\/impactodenoticias.com.ar\/index.php?rest_route=%2Fwp%2Fv2%2Fmedia&parent=31199"}],"wp:term":[{"taxonomy":"category","embeddable":true,"href":"https:\/\/impactodenoticias.com.ar\/index.php?rest_route=%2Fwp%2Fv2%2Fcategories&post=31199"},{"taxonomy":"post_tag","embeddable":true,"href":"https:\/\/impactodenoticias.com.ar\/index.php?rest_route=%2Fwp%2Fv2%2Ftags&post=31199"}],"curies":[{"name":"wp","href":"https:\/\/api.w.org\/{rel}","templated":true}]}}