{"id":31202,"date":"2025-11-02T10:54:35","date_gmt":"2025-11-02T13:54:35","guid":{"rendered":"https:\/\/impactodenoticias.com.ar\/?p=31202"},"modified":"2025-11-03T17:58:15","modified_gmt":"2025-11-03T20:58:15","slug":"parana-buscan-intensamente-a-un-hombre-de-31-anos-que-no-regreso-a-su-casa-el-sabado","status":"publish","type":"post","link":"https:\/\/impactodenoticias.com.ar\/?p=31202","title":{"rendered":"Paran\u00e1: buscan intensamente a un hombre de 31 a\u00f1os que no regres\u00f3 a su casa el s\u00e1bado"},"content":{"rendered":"\n<h2 class=\"wp-block-heading\">Desde la Unidad Fiscal de Ni\u00f1os, Ni\u00f1as y Adolescentes de Paran\u00e1 se pide la colaboraci\u00f3n de la ciudadan\u00eda con el fin de dar con el paradero de Juan Pablo Gogniat.<\/h2>\n\n\n\n<p>Gogniat tiene de 31 a\u00f1os; quien se retir\u00f3 de su casa en horas de la madrugada, dejando todas sus pertenencias y sin tener novedades de \u00e9l hasta el momento.<\/p>\n\n\n\n<p>Tiene el cabello corto con rulos color casta\u00f1o, un poco de barba casta\u00f1a, tez blanca, de unos 80 kg aproximadamente, ojos color marr\u00f3n, de 1.75 mts de altura, apariencia delgada y utiliza anteojos recetados.<\/p>\n\n\n\n<p>Cualquier informaci\u00f3n sobre el paradero puede suministrarse al 911, o comunic\u00e1ndose al tel\u00e9fono de Comisaria Decima 0343. 4206204.<\/p>\n","protected":false},"excerpt":{"rendered":"<p>Desde la Unidad Fiscal de Ni&ntilde;os, Ni&ntilde;as y Adolescentes de Paran&aacute; se pide la colaboraci&oacute;n de la ciudadan&iacute;a con el fin de dar con el paradero de Juan Pablo Gogniat. Gogniat tiene de 31 a&ntilde;os; quien se retir&oacute; de su casa en horas de la madrugada, dejando todas sus pertenencias y sin tener novedades de [&hellip;]<\/p>\n","protected":false},"author":2,"featured_media":31203,"comment_status":"closed","ping_status":"closed","sticky":false,"template":"","format":"standard","meta":{"footnotes":""},"categories":[3,8],"tags":[251,6166,95],"class_list":["post-31202","post","type-post","status-publish","format-standard","has-post-thumbnail","hentry","category-locales","category-policiales","tag-busqueda","tag-juan-pablo-gogniat","tag-parana"],"_links":{"self":[{"href":"https:\/\/impactodenoticias.com.ar\/index.php?rest_route=\/wp\/v2\/posts\/31202","targetHints":{"allow":["GET"]}}],"collection":[{"href":"https:\/\/impactodenoticias.com.ar\/index.php?rest_route=\/wp\/v2\/posts"}],"about":[{"href":"https:\/\/impactodenoticias.com.ar\/index.php?rest_route=\/wp\/v2\/types\/post"}],"author":[{"embeddable":true,"href":"https:\/\/impactodenoticias.com.ar\/index.php?rest_route=\/wp\/v2\/users\/2"}],"replies":[{"embeddable":true,"href":"https:\/\/impactodenoticias.com.ar\/index.php?rest_route=%2Fwp%2Fv2%2Fcomments&post=31202"}],"version-history":[{"count":1,"href":"https:\/\/impactodenoticias.com.ar\/index.php?rest_route=\/wp\/v2\/posts\/31202\/revisions"}],"predecessor-version":[{"id":31204,"href":"https:\/\/impactodenoticias.com.ar\/index.php?rest_route=\/wp\/v2\/posts\/31202\/revisions\/31204"}],"wp:featuredmedia":[{"embeddable":true,"href":"https:\/\/impactodenoticias.com.ar\/index.php?rest_route=\/wp\/v2\/media\/31203"}],"wp:attachment":[{"href":"https:\/\/impactodenoticias.com.ar\/index.php?rest_route=%2Fwp%2Fv2%2Fmedia&parent=31202"}],"wp:term":[{"taxonomy":"category","embeddable":true,"href":"https:\/\/impactodenoticias.com.ar\/index.php?rest_route=%2Fwp%2Fv2%2Fcategories&post=31202"},{"taxonomy":"post_tag","embeddable":true,"href":"https:\/\/impactodenoticias.com.ar\/index.php?rest_route=%2Fwp%2Fv2%2Ftags&post=31202"}],"curies":[{"name":"wp","href":"https:\/\/api.w.org\/{rel}","templated":true}]}}