{"id":31209,"date":"2025-11-02T11:08:44","date_gmt":"2025-11-02T14:08:44","guid":{"rendered":"https:\/\/impactodenoticias.com.ar\/?p=31209"},"modified":"2025-11-04T11:22:00","modified_gmt":"2025-11-04T14:22:00","slug":"la-paritaria-estatal-se-retoma-la-proxima-semana","status":"publish","type":"post","link":"https:\/\/impactodenoticias.com.ar\/?p=31209","title":{"rendered":"La paritaria estatal se retoma la pr\u00f3xima semana"},"content":{"rendered":"\n<h2 class=\"wp-block-heading\">El debate salarial entre el Gobierno provincial y los gremios estatales continuar\u00e1 este martes 4 de noviembre, a las 11, en la Secretar\u00eda de Trabajo. Luego del cuarto intermedio dispuesto en octubre, la Asociaci\u00f3n Trabajadores del Estado (ATE) y la Uni\u00f3n del Personal Civil de la Naci\u00f3n (UPCN), se sentar\u00e1n nuevamente a la mesa paritaria a la espera de obtener una propuesta concreta.<\/h2>\n\n\n\n<p>En la \u00faltima reuni\u00f3n, llevada a cabo el 15 de octubre, el Ejecutivo propuso mantener el esquema de sumas fijas de $50.000 para activos y $25.000 para pasivos, lo que fue rechazado por los sindicatos estatales por considerar que constituye un congelamiento salarial frente al avance de la inflaci\u00f3n.<\/p>\n\n\n\n<p><\/p>\n\n\n\n<figure class=\"wp-block-image size-full\"><img loading=\"lazy\" decoding=\"async\" width=\"759\" height=\"500\" src=\"https:\/\/impactodenoticias.com.ar\/wp-content\/uploads\/2025\/11\/Oscar-Muntes.webp\" alt=\"\" class=\"wp-image-31211\" srcset=\"https:\/\/impactodenoticias.com.ar\/wp-content\/uploads\/2025\/11\/Oscar-Muntes.webp 759w, https:\/\/impactodenoticias.com.ar\/wp-content\/uploads\/2025\/11\/Oscar-Muntes-300x198.webp 300w\" sizes=\"auto, (max-width: 759px) 100vw, 759px\" \/><\/figure>\n\n\n\n<p><\/p>\n\n\n\n<p>\u201cEn la \u00faltima reuni\u00f3n directamente el Gobierno no ofreci\u00f3 nada. Solo dispuso el pago de una suma en negro que ya se hab\u00eda pagado. No hubo ofrecimiento, sino al contrario: nosotros decimos que es un congelamiento salarial\u201d, expres\u00f3 Oscar Muntes, secretario general de ATE Entre R\u00edos, en di\u00e1logo con ERA.<\/p>\n\n\n\n<p><strong>Reclamo por recomposici\u00f3n y recategorizaciones<\/strong><\/p>\n\n\n\n<p>Muntes anticip\u00f3 que el gremio persistir\u00e1 en que el Gobierno eleve el monto de la suma fija y formule un incremento real. \u201cEsperemos que haya no solamente propuestas, sino voluntad de levantar los $50 mil, m\u00e1s con la inflaci\u00f3n que estamos teniendo. La p\u00e9rdida salarial de los \u00faltimos meses ha sido tremenda\u201d, agreg\u00f3 Muntes.<\/p>\n\n\n\n<p>El dirigente indic\u00f3 que la p\u00e9rdida del poder adquisitivo en los \u00faltimos cuatro meses fue \u201cmuy significativa\u201d y que el sindicato ya tiene elaborados los n\u00fameros que demuestran la ca\u00edda del salario frente al costo de vida.<\/p>\n\n\n\n<p>Junto al reclamo salarial, ATE plantear\u00e1 el pedido de recategorizaciones. \u201cTiene que haber propuestas. Esperemos poder avanzar en lo que no es la paritaria salarial. Muchos trabajadores del Estado las venimos esperando hace tiempo. Hemos presentado 21 puntos para trabajar sobre el instructivo de recategorizaci\u00f3n\u201d, se\u00f1al\u00f3 Muntes.<\/p>\n\n\n\n<p>El secretario general hizo referencia adem\u00e1s a las versiones sobre una reforma previsional provincial, tras las declaraciones del senador Rub\u00e9n Dal Molin. \u201cNo es cualquier senador: siempre ha sido vocero del Gobierno. Esto va en cadena con las definiciones nacionales: reforma laboral, tributaria y previsional\u201d, analiz\u00f3 al dialogar con Entre R\u00edos Ahora.<\/p>\n\n\n\n<p>Ante ese escenario, Muntes consider\u00f3 \u201cindispensable reorganizar la Intersindical\u201d. \u201cEs necesario convocar a todos los sectores y organizaciones para tener una definici\u00f3n conjunta, porque no sirven las posiciones personales. La Intersindical ha dado muy buenos resultados y debe volver a funcionar con fuerza\u201d, finaliz\u00f3.<\/p>\n","protected":false},"excerpt":{"rendered":"<p>El debate salarial entre el Gobierno provincial y los gremios estatales continuar&aacute; este martes 4 de noviembre, a las 11, en la Secretar&iacute;a de Trabajo. Luego del cuarto intermedio dispuesto en octubre, la Asociaci&oacute;n Trabajadores del Estado (ATE) y la Uni&oacute;n del Personal Civil de la Naci&oacute;n (UPCN), se sentar&aacute;n nuevamente a la mesa paritaria [&hellip;]<\/p>\n","protected":false},"author":2,"featured_media":31210,"comment_status":"closed","ping_status":"closed","sticky":false,"template":"","format":"standard","meta":{"footnotes":""},"categories":[91,11,4],"tags":[2129,1376,713,3332,335],"class_list":["post-31209","post","type-post","status-publish","format-standard","has-post-thumbnail","hentry","category-gremiales","category-politica","category-provinciales","tag-estatal","tag-oscar-muntes","tag-paritaria","tag-secretaria","tag-trabajo"],"_links":{"self":[{"href":"https:\/\/impactodenoticias.com.ar\/index.php?rest_route=\/wp\/v2\/posts\/31209","targetHints":{"allow":["GET"]}}],"collection":[{"href":"https:\/\/impactodenoticias.com.ar\/index.php?rest_route=\/wp\/v2\/posts"}],"about":[{"href":"https:\/\/impactodenoticias.com.ar\/index.php?rest_route=\/wp\/v2\/types\/post"}],"author":[{"embeddable":true,"href":"https:\/\/impactodenoticias.com.ar\/index.php?rest_route=\/wp\/v2\/users\/2"}],"replies":[{"embeddable":true,"href":"https:\/\/impactodenoticias.com.ar\/index.php?rest_route=%2Fwp%2Fv2%2Fcomments&post=31209"}],"version-history":[{"count":1,"href":"https:\/\/impactodenoticias.com.ar\/index.php?rest_route=\/wp\/v2\/posts\/31209\/revisions"}],"predecessor-version":[{"id":31212,"href":"https:\/\/impactodenoticias.com.ar\/index.php?rest_route=\/wp\/v2\/posts\/31209\/revisions\/31212"}],"wp:featuredmedia":[{"embeddable":true,"href":"https:\/\/impactodenoticias.com.ar\/index.php?rest_route=\/wp\/v2\/media\/31210"}],"wp:attachment":[{"href":"https:\/\/impactodenoticias.com.ar\/index.php?rest_route=%2Fwp%2Fv2%2Fmedia&parent=31209"}],"wp:term":[{"taxonomy":"category","embeddable":true,"href":"https:\/\/impactodenoticias.com.ar\/index.php?rest_route=%2Fwp%2Fv2%2Fcategories&post=31209"},{"taxonomy":"post_tag","embeddable":true,"href":"https:\/\/impactodenoticias.com.ar\/index.php?rest_route=%2Fwp%2Fv2%2Ftags&post=31209"}],"curies":[{"name":"wp","href":"https:\/\/api.w.org\/{rel}","templated":true}]}}