{"id":31221,"date":"2025-11-03T17:22:26","date_gmt":"2025-11-03T20:22:26","guid":{"rendered":"https:\/\/impactodenoticias.com.ar\/?p=31221"},"modified":"2025-11-03T17:22:27","modified_gmt":"2025-11-03T20:22:27","slug":"rincon-de-gena-las-autoridades-investigan-la-muerte-de-un-joven-en-un-accidente-rural","status":"publish","type":"post","link":"https:\/\/impactodenoticias.com.ar\/?p=31221","title":{"rendered":"Rinc\u00f3n de Gen\u00e1: las autoridades investigan la muerte de un joven en un accidente rural"},"content":{"rendered":"\n<h2 class=\"wp-block-heading\">Un joven de 29 a\u00f1os, oriundo del barrio San Jos\u00e9 de Basavilbaso, muri\u00f3 este lunes por la ma\u00f1ana luego de sufrir un accidente laboral en la zona rural conocida como Rinc\u00f3n del Gen\u00e1. La Fiscal\u00eda dispuso el secuestro de los veh\u00edculos involucrados y la realizaci\u00f3n de la autopsia.<\/h2>\n\n\n\n<p>De acuerdo a la informaci\u00f3n policial, se tom\u00f3 conocimiento del hecho cuando personal m\u00e9dico del hospital local solicit\u00f3 la presencia policial, ya que un hombre hab\u00eda ingresado sin vida a la Guardia del \u201cSagrado Coraz\u00f3n de Jes\u00fas\u201d.<\/p>\n\n\n\n<p>El m\u00e9dico que lo recibi\u00f3 constat\u00f3 el fallecimiento por paro cardiorrespiratorio, y lesiones visibles en una de las piernas.<\/p>\n\n\n\n<p>Seg\u00fan un testimonio que recogi\u00f3 la Polic\u00eda de un hombre de 35, que traslad\u00f3 al joven hasta el hospital, ambos se encontraban trabajando en el campo, donde OSZ deb\u00edan subir a un cami\u00f3n de pollos en movimiento para arrojar bolsas con mercader\u00eda sobre la calzada.<\/p>\n\n\n\n<p>Paralelamente trascendi\u00f3 que el camionero afirm\u00f3 no haber visto subir ni descender a nadie del acoplado, por lo que iniciaron su b\u00fasqueda en la zona.<\/p>\n\n\n\n<p>Poco despu\u00e9s, lo ubicaron tendido en el mismo lugar donde hab\u00eda descendido del veh\u00edculo, sin signos vitales.<\/p>\n\n\n\n<p>La persona fue trasladada en un auto hasta el Hospital de Basavilbaso donde el m\u00e9dico que lo recibi\u00f3 en la Guardia confirm\u00f3 su muerte.<\/p>\n\n\n\n<p>La Fiscal en turno Mar\u00eda Jos\u00e9 Labalta, fue notificada del hecho y dispuso el secuestro del cami\u00f3n, que permanec\u00eda en la zona de Rinc\u00f3n del Gen\u00e1, y del autom\u00f3vil, que fue retenido en la Comisar\u00eda local, junto con los tel\u00e9fonos de los involucrados.<\/p>\n\n\n\n<p>Los investigadores estiman que el joven falleci\u00f3 de forma accidental, pero no descartan ninguna hip\u00f3tesis, por lo que resulta esencial el resultado que arroje la autopsia.<\/p>\n","protected":false},"excerpt":{"rendered":"<p>Un joven de 29 a&ntilde;os, oriundo del barrio San Jos&eacute; de Basavilbaso, muri&oacute; este lunes por la ma&ntilde;ana luego de sufrir un accidente laboral en la zona rural conocida como Rinc&oacute;n del Gen&aacute;. La Fiscal&iacute;a dispuso el secuestro de los veh&iacute;culos involucrados y la realizaci&oacute;n de la autopsia. De acuerdo a la informaci&oacute;n policial, se [&hellip;]<\/p>\n","protected":false},"author":2,"featured_media":31222,"comment_status":"closed","ping_status":"closed","sticky":false,"template":"","format":"standard","meta":{"footnotes":""},"categories":[8,4],"tags":[1294,1765,137,369,118,6171,335],"class_list":["post-31221","post","type-post","status-publish","format-standard","has-post-thumbnail","hentry","category-policiales","category-provinciales","tag-basavilbaso","tag-campo","tag-joven","tag-muerte","tag-policiales","tag-rincon-gena","tag-trabajo"],"_links":{"self":[{"href":"https:\/\/impactodenoticias.com.ar\/index.php?rest_route=\/wp\/v2\/posts\/31221","targetHints":{"allow":["GET"]}}],"collection":[{"href":"https:\/\/impactodenoticias.com.ar\/index.php?rest_route=\/wp\/v2\/posts"}],"about":[{"href":"https:\/\/impactodenoticias.com.ar\/index.php?rest_route=\/wp\/v2\/types\/post"}],"author":[{"embeddable":true,"href":"https:\/\/impactodenoticias.com.ar\/index.php?rest_route=\/wp\/v2\/users\/2"}],"replies":[{"embeddable":true,"href":"https:\/\/impactodenoticias.com.ar\/index.php?rest_route=%2Fwp%2Fv2%2Fcomments&post=31221"}],"version-history":[{"count":1,"href":"https:\/\/impactodenoticias.com.ar\/index.php?rest_route=\/wp\/v2\/posts\/31221\/revisions"}],"predecessor-version":[{"id":31223,"href":"https:\/\/impactodenoticias.com.ar\/index.php?rest_route=\/wp\/v2\/posts\/31221\/revisions\/31223"}],"wp:featuredmedia":[{"embeddable":true,"href":"https:\/\/impactodenoticias.com.ar\/index.php?rest_route=\/wp\/v2\/media\/31222"}],"wp:attachment":[{"href":"https:\/\/impactodenoticias.com.ar\/index.php?rest_route=%2Fwp%2Fv2%2Fmedia&parent=31221"}],"wp:term":[{"taxonomy":"category","embeddable":true,"href":"https:\/\/impactodenoticias.com.ar\/index.php?rest_route=%2Fwp%2Fv2%2Fcategories&post=31221"},{"taxonomy":"post_tag","embeddable":true,"href":"https:\/\/impactodenoticias.com.ar\/index.php?rest_route=%2Fwp%2Fv2%2Ftags&post=31221"}],"curies":[{"name":"wp","href":"https:\/\/api.w.org\/{rel}","templated":true}]}}