{"id":31251,"date":"2025-11-04T19:10:13","date_gmt":"2025-11-04T22:10:13","guid":{"rendered":"https:\/\/impactodenoticias.com.ar\/?p=31251"},"modified":"2025-11-04T19:10:14","modified_gmt":"2025-11-04T22:10:14","slug":"victoria-pusieron-fin-a-una-banda-liderada-por-un-colombiano-que-realizaba-prestamos-ilegales","status":"publish","type":"post","link":"https:\/\/impactodenoticias.com.ar\/?p=31251","title":{"rendered":"Victoria: pusieron fin a una banda liderada por un colombiano que realizaba pr\u00e9stamos ilegales"},"content":{"rendered":"\n<h2 class=\"wp-block-heading\">La Polic\u00eda de Entre R\u00edos desarticul\u00f3 una banda liderada por un colombiano que realizaba pr\u00e9stamos de forma ilegal en la ciudad de Victoria.<\/h2>\n\n\n\n<p>Durante las primeras horas de la ma\u00f1ana, el personal policial de la Divisi\u00f3n Delitos Econ\u00f3micos pertenecientes a la Direcci\u00f3n General de Investigaciones e Inteligencia Criminal, conjuntamente con \u00e1reas estrat\u00e9gicas de Investigaciones y Operaciones de la Jefatura Departamental Victoria, realizaron cuatro allanamientos simult\u00e1neos.<\/p>\n\n\n\n<p>Los procedimientos fueron ordenados por el Juzgado de Garant\u00edas de la ciudad de Victoria, en el marco de una investigaci\u00f3n de la fiscal\u00eda del Dr. Eduardo Guaita, contra una organizaci\u00f3n de al menos tres personas que realizaban pr\u00e9stamos de dinero bajo el sistema \u201cGota a Gota\u201d, liderada por una persona de nacionalidad colombiana.<\/p>\n\n\n\n<p>Se registraron tres inmuebles de la ciudad de Victoria, en zona de calles Vicente L\u00f3pez, Constituci\u00f3n y Boulevard, en calle Padre Brasesco zona de la Abad\u00eda y un local comercial de multirubros de calle Sarmiento y Abasolo.<\/p>\n\n\n\n<p><\/p>\n\n\n\n<figure class=\"wp-block-image size-full\"><img loading=\"lazy\" decoding=\"async\" width=\"661\" height=\"456\" src=\"https:\/\/impactodenoticias.com.ar\/wp-content\/uploads\/2025\/11\/Victoria-Desbaratan-Banda-Prestamos-1png.png\" alt=\"\" class=\"wp-image-31253\" srcset=\"https:\/\/impactodenoticias.com.ar\/wp-content\/uploads\/2025\/11\/Victoria-Desbaratan-Banda-Prestamos-1png.png 661w, https:\/\/impactodenoticias.com.ar\/wp-content\/uploads\/2025\/11\/Victoria-Desbaratan-Banda-Prestamos-1png-300x207.png 300w\" sizes=\"auto, (max-width: 661px) 100vw, 661px\" \/><\/figure>\n\n\n\n<p><\/p>\n\n\n\n<p>Se llev\u00f3 a cabo la detenci\u00f3n de tres integrantes de la organizaci\u00f3n: un colombiano de 28 a\u00f1os y dos oriundos de esta ciudad, de 33 y 27 a\u00f1os respectivamente. Tambi\u00e9n se incautaron equipos de una moto 150 C.C., telefon\u00eda celular, notebook, una m\u00e1quina contadora de dinero, anotaciones, chequeras, facturas, remitos, documentaci\u00f3n y dinero en efectivo.<\/p>\n\n\n\n<p>Los detenidos quedan alojados en Alcald\u00eda de Jefatura, mientras que los elementos secuestrados ser\u00e1n puestos a disposici\u00f3n de la Fiscal\u00eda actuante.<\/p>\n","protected":false},"excerpt":{"rendered":"<p>La Polic&iacute;a de Entre R&iacute;os desarticul&oacute; una banda liderada por un colombiano que realizaba pr&eacute;stamos de forma ilegal en la ciudad de Victoria. Durante las primeras horas de la ma&ntilde;ana, el personal policial de la Divisi&oacute;n Delitos Econ&oacute;micos pertenecientes a la Direcci&oacute;n General de Investigaciones e Inteligencia Criminal, conjuntamente con &aacute;reas estrat&eacute;gicas de Investigaciones y [&hellip;]<\/p>\n","protected":false},"author":2,"featured_media":31252,"comment_status":"closed","ping_status":"closed","sticky":false,"template":"","format":"standard","meta":{"footnotes":""},"categories":[8,4],"tags":[1583,6174,3447,6173,568],"class_list":["post-31251","post","type-post","status-publish","format-standard","has-post-thumbnail","hentry","category-policiales","category-provinciales","tag-banda","tag-colombianos","tag-desbaratan","tag-prestamos-2","tag-victoria"],"_links":{"self":[{"href":"https:\/\/impactodenoticias.com.ar\/index.php?rest_route=\/wp\/v2\/posts\/31251","targetHints":{"allow":["GET"]}}],"collection":[{"href":"https:\/\/impactodenoticias.com.ar\/index.php?rest_route=\/wp\/v2\/posts"}],"about":[{"href":"https:\/\/impactodenoticias.com.ar\/index.php?rest_route=\/wp\/v2\/types\/post"}],"author":[{"embeddable":true,"href":"https:\/\/impactodenoticias.com.ar\/index.php?rest_route=\/wp\/v2\/users\/2"}],"replies":[{"embeddable":true,"href":"https:\/\/impactodenoticias.com.ar\/index.php?rest_route=%2Fwp%2Fv2%2Fcomments&post=31251"}],"version-history":[{"count":1,"href":"https:\/\/impactodenoticias.com.ar\/index.php?rest_route=\/wp\/v2\/posts\/31251\/revisions"}],"predecessor-version":[{"id":31254,"href":"https:\/\/impactodenoticias.com.ar\/index.php?rest_route=\/wp\/v2\/posts\/31251\/revisions\/31254"}],"wp:featuredmedia":[{"embeddable":true,"href":"https:\/\/impactodenoticias.com.ar\/index.php?rest_route=\/wp\/v2\/media\/31252"}],"wp:attachment":[{"href":"https:\/\/impactodenoticias.com.ar\/index.php?rest_route=%2Fwp%2Fv2%2Fmedia&parent=31251"}],"wp:term":[{"taxonomy":"category","embeddable":true,"href":"https:\/\/impactodenoticias.com.ar\/index.php?rest_route=%2Fwp%2Fv2%2Fcategories&post=31251"},{"taxonomy":"post_tag","embeddable":true,"href":"https:\/\/impactodenoticias.com.ar\/index.php?rest_route=%2Fwp%2Fv2%2Ftags&post=31251"}],"curies":[{"name":"wp","href":"https:\/\/api.w.org\/{rel}","templated":true}]}}