{"id":31263,"date":"2025-11-04T20:13:17","date_gmt":"2025-11-04T23:13:17","guid":{"rendered":"https:\/\/impactodenoticias.com.ar\/?p=31263"},"modified":"2025-11-06T12:20:26","modified_gmt":"2025-11-06T15:20:26","slug":"parana-familiares-y-allegados-de-jazmin-gonzalez-marcharan-para-pedir-prision-efectiva-para-los-imputados","status":"publish","type":"post","link":"https:\/\/impactodenoticias.com.ar\/?p=31263","title":{"rendered":"Paran\u00e1: familiares y allegados de Jazm\u00edn Gonz\u00e1lez marchar\u00e1n para pedir prisi\u00f3n efectiva para los imputados"},"content":{"rendered":"\n<h2 class=\"wp-block-heading\">Familiares y amigos de Jazm\u00edn Ayesha Gonz\u00e1lez, la joven asesinada el domingo 19 de octubre en Bajada Grande, convocan a una marcha pac\u00edfica el mi\u00e9rcoles 19 de noviembre a las 18 frente a los Tribunales. La movilizaci\u00f3n se realizar\u00e1 para visibilizar el pedido de justicia y exigir que todos los imputados en la causa cumplan prisi\u00f3n efectiva en unidades penales.<\/h2>\n\n\n\n<p>Seg\u00fan se inform\u00f3 a <strong>IMPACTO DE NOTICIAS<\/strong>, la familia de Jazm\u00edn invita a la comunidad a ser part\u00edcipe de la marcha con pancartas que expresen el pedido de justicia. \u201cQueremos que todos los imputados est\u00e9n en la unidad penal como corresponde\u201d, se\u00f1alaron en un comunicado. La manifestaci\u00f3n ser\u00e1 pac\u00edfica, pero con un fuerte mensaje: que el crimen no quede impune, indicaron.<\/p>\n\n\n\n<p>Los manifestantes se concentrar\u00e1n en la Catedral y caminar\u00e1n por calle Corrientes hasta La Paz y desde ah\u00ed caminar por Laprida hasta el ingreso a Tribunales.<\/p>\n\n\n\n<p>Yamil Cabrera, sindicado por el homicidio, est\u00e1 internado en el hospital San Mart\u00edn, lo que ha generado indignaci\u00f3n entre los allegados de la v\u00edctima que lo quieren preso. Otros imputados tienen distintas situaciones judiciales: Juli\u00e1n Manrique se encuentra en la Unidad Penal N\u00b01, Facundo Mart\u00ednez y Emiliano Strackc est\u00e1n tambi\u00e9n detenidos en el penal, mientras que Jes\u00fas G\u00f3mez permanece con prisi\u00f3n domiciliaria. Todos tienen causas penales en tr\u00e1mites.<\/p>\n\n\n\n<p>Trascendi\u00f3 que el mi\u00e9rcoles a las 10, se realizar\u00e1 una audiencia para prorrogar la detenci\u00f3n de Cabrera, que est\u00e1 en el hospital, ya que tras asesinar a la joven fue brutalmente golpeado y apu\u00f1ado presuntamente por Mart\u00ednez y Stracks.<\/p>\n\n\n\n<p>El fiscal Dato, a cargo de la causa, confirm\u00f3 que las pericias bal\u00edsticas confirmaron la correspondencia entre el proyectil que mat\u00f3 a Jazm\u00edn y el arma calibre .38 secuestrada en el domicilio de Cabrera. \u201cPodemos afirmar con probabilidad que esa arma fue la utilizada para dar muerte a Jazm\u00edn Gonz\u00e1lez\u201d, precis\u00f3 el fiscal.<\/p>\n\n\n\n<p>De acuerdo a la reconstrucci\u00f3n de los hechos, Cabrera habr\u00eda disparado en dos ocasiones: el segundo disparo impact\u00f3 en el cr\u00e1neo de la joven. Aunque a\u00fan no ha sido imputado formalmente por estar internado, la Fiscal\u00eda se\u00f1ala que fue quien efectu\u00f3 los disparos.<\/p>\n\n\n\n<p>Mientras que Juli\u00e1n Manrique, otro de los imputados, est\u00e1 acusado de haber disparado con una pistola 9 mm desde la motocicleta en la que iba junto a Jazm\u00edn. La Polic\u00eda Cient\u00edfica confirm\u00f3 que las vainas encontradas en el lugar coinciden con esa arma, que posteriormente fue recuperada por las autoridades.<\/p>\n\n\n\n<p>Tambi\u00e9n se aguarda el resultado de la pericia del celular de Manrique, que podr\u00eda aportar informaci\u00f3n clave sobre los momentos previos al crimen, incluyendo c\u00f3mo contact\u00f3 a Jazm\u00edn para asistir a la fiesta.<\/p>\n","protected":false},"excerpt":{"rendered":"<p>Familiares y amigos de Jazm&iacute;n Ayesha Gonz&aacute;lez, la joven asesinada el domingo 19 de octubre en Bajada Grande, convocan a una marcha pac&iacute;fica el mi&eacute;rcoles 19 de noviembre a las 18 frente a los Tribunales. La movilizaci&oacute;n se realizar&aacute; para visibilizar el pedido de justicia y exigir que todos los imputados en la causa cumplan [&hellip;]<\/p>\n","protected":false},"author":2,"featured_media":31264,"comment_status":"closed","ping_status":"closed","sticky":false,"template":"","format":"standard","meta":{"footnotes":""},"categories":[90,3,8],"tags":[1639,3262,6056,362,95,380],"class_list":["post-31263","post","type-post","status-publish","format-standard","has-post-thumbnail","hentry","category-judicial","category-locales","category-policiales","tag-convocatoria","tag-crimen","tag-jazmin-ayesha-gonzalez","tag-marcha","tag-parana","tag-tribunales"],"_links":{"self":[{"href":"https:\/\/impactodenoticias.com.ar\/index.php?rest_route=\/wp\/v2\/posts\/31263","targetHints":{"allow":["GET"]}}],"collection":[{"href":"https:\/\/impactodenoticias.com.ar\/index.php?rest_route=\/wp\/v2\/posts"}],"about":[{"href":"https:\/\/impactodenoticias.com.ar\/index.php?rest_route=\/wp\/v2\/types\/post"}],"author":[{"embeddable":true,"href":"https:\/\/impactodenoticias.com.ar\/index.php?rest_route=\/wp\/v2\/users\/2"}],"replies":[{"embeddable":true,"href":"https:\/\/impactodenoticias.com.ar\/index.php?rest_route=%2Fwp%2Fv2%2Fcomments&post=31263"}],"version-history":[{"count":1,"href":"https:\/\/impactodenoticias.com.ar\/index.php?rest_route=\/wp\/v2\/posts\/31263\/revisions"}],"predecessor-version":[{"id":31265,"href":"https:\/\/impactodenoticias.com.ar\/index.php?rest_route=\/wp\/v2\/posts\/31263\/revisions\/31265"}],"wp:featuredmedia":[{"embeddable":true,"href":"https:\/\/impactodenoticias.com.ar\/index.php?rest_route=\/wp\/v2\/media\/31264"}],"wp:attachment":[{"href":"https:\/\/impactodenoticias.com.ar\/index.php?rest_route=%2Fwp%2Fv2%2Fmedia&parent=31263"}],"wp:term":[{"taxonomy":"category","embeddable":true,"href":"https:\/\/impactodenoticias.com.ar\/index.php?rest_route=%2Fwp%2Fv2%2Fcategories&post=31263"},{"taxonomy":"post_tag","embeddable":true,"href":"https:\/\/impactodenoticias.com.ar\/index.php?rest_route=%2Fwp%2Fv2%2Ftags&post=31263"}],"curies":[{"name":"wp","href":"https:\/\/api.w.org\/{rel}","templated":true}]}}