{"id":31273,"date":"2025-11-05T10:12:27","date_gmt":"2025-11-05T13:12:27","guid":{"rendered":"https:\/\/impactodenoticias.com.ar\/?p=31273"},"modified":"2025-11-05T10:12:28","modified_gmt":"2025-11-05T13:12:28","slug":"detenido-tras-un-tiroteo-entre-familias-en-parana-16","status":"publish","type":"post","link":"https:\/\/impactodenoticias.com.ar\/?p=31273","title":{"rendered":"Detenido tras un tiroteo entre familias en Paran\u00e1 16"},"content":{"rendered":"\n<h2 class=\"wp-block-heading\">El personal de la Comisar\u00eda 16\u00b0 de Paran\u00e1 fue solicitado este mi\u00e9rcoles de madrugada por un conflicto familiar en el Barrio Paran\u00e1 XVI, donde se report\u00f3 que un integrante de una de las familias hab\u00eda lastimado a un joven.<\/h2>\n\n\n\n<p>Si bien la v\u00edctima opt\u00f3 por no formalizar la denuncia, su padre decidi\u00f3 hacerlo, lo que llev\u00f3 a que se enviara nuevamente un m\u00f3vil policial al lugar debido a un abuso de arma de fuego.<\/p>\n\n\n\n<p>En la intervenci\u00f3n, los funcionarios de la Guardia Especial Grupo demoraron a dos individuos, se hallaron seis cartuchos, cinco de calibre 9 mm y uno de .45 Auto, as\u00ed como una funda de arma de pl\u00e1stico negro, un destornillador, dos balanzas de precisi\u00f3n (una de ellas con pilas) y dos cuchillos con punta tipo faca.<\/p>\n\n\n\n<p>La fiscal de turno fue informada de la situaci\u00f3n y orden\u00f3 la detenci\u00f3n del adulto involucrado, mientras que el menor fue trasladado al COPNAF y adem\u00e1s se le realizara un dermotest.<\/p>\n","protected":false},"excerpt":{"rendered":"<p>El personal de la Comisar&iacute;a 16&deg; de Paran&aacute; fue solicitado este mi&eacute;rcoles de madrugada por un conflicto familiar en el Barrio Paran&aacute; XVI, donde se report&oacute; que un integrante de una de las familias hab&iacute;a lastimado a un joven. Si bien la v&iacute;ctima opt&oacute; por no formalizar la denuncia, su padre decidi&oacute; hacerlo, lo que [&hellip;]<\/p>\n","protected":false},"author":2,"featured_media":31274,"comment_status":"closed","ping_status":"closed","sticky":false,"template":"","format":"standard","meta":{"footnotes":""},"categories":[3,8],"tags":[886,175,95,6177],"class_list":["post-31273","post","type-post","status-publish","format-standard","has-post-thumbnail","hentry","category-locales","category-policiales","tag-balacera","tag-detenido","tag-parana","tag-parana-16"],"_links":{"self":[{"href":"https:\/\/impactodenoticias.com.ar\/index.php?rest_route=\/wp\/v2\/posts\/31273","targetHints":{"allow":["GET"]}}],"collection":[{"href":"https:\/\/impactodenoticias.com.ar\/index.php?rest_route=\/wp\/v2\/posts"}],"about":[{"href":"https:\/\/impactodenoticias.com.ar\/index.php?rest_route=\/wp\/v2\/types\/post"}],"author":[{"embeddable":true,"href":"https:\/\/impactodenoticias.com.ar\/index.php?rest_route=\/wp\/v2\/users\/2"}],"replies":[{"embeddable":true,"href":"https:\/\/impactodenoticias.com.ar\/index.php?rest_route=%2Fwp%2Fv2%2Fcomments&post=31273"}],"version-history":[{"count":1,"href":"https:\/\/impactodenoticias.com.ar\/index.php?rest_route=\/wp\/v2\/posts\/31273\/revisions"}],"predecessor-version":[{"id":31275,"href":"https:\/\/impactodenoticias.com.ar\/index.php?rest_route=\/wp\/v2\/posts\/31273\/revisions\/31275"}],"wp:featuredmedia":[{"embeddable":true,"href":"https:\/\/impactodenoticias.com.ar\/index.php?rest_route=\/wp\/v2\/media\/31274"}],"wp:attachment":[{"href":"https:\/\/impactodenoticias.com.ar\/index.php?rest_route=%2Fwp%2Fv2%2Fmedia&parent=31273"}],"wp:term":[{"taxonomy":"category","embeddable":true,"href":"https:\/\/impactodenoticias.com.ar\/index.php?rest_route=%2Fwp%2Fv2%2Fcategories&post=31273"},{"taxonomy":"post_tag","embeddable":true,"href":"https:\/\/impactodenoticias.com.ar\/index.php?rest_route=%2Fwp%2Fv2%2Ftags&post=31273"}],"curies":[{"name":"wp","href":"https:\/\/api.w.org\/{rel}","templated":true}]}}