{"id":31280,"date":"2025-11-05T10:26:58","date_gmt":"2025-11-05T13:26:58","guid":{"rendered":"https:\/\/impactodenoticias.com.ar\/?p=31280"},"modified":"2025-11-08T08:38:44","modified_gmt":"2025-11-08T11:38:44","slug":"el-hombre-del-campo-que-se-volvio-casta-la-decadente-gestion-de-alfredo-de-angeli-en-el-senado","status":"publish","type":"post","link":"https:\/\/impactodenoticias.com.ar\/?p=31280","title":{"rendered":"El \u201chombre del campo\u201d que se volvi\u00f3 casta: la decadente gesti\u00f3n de Alfredo De \u00c1ngeli en el Senado"},"content":{"rendered":"\n<h2 class=\"wp-block-heading\">Alfredo De \u00c1ngeli lleg\u00f3 al Senado como referente rural y figura medi\u00e1tica del agro, pero su gesti\u00f3n en la C\u00e1mara alta muestra pocas iniciativas legislativas, ausencias y abstenciones en votaciones sensibles para jubilados, salud pedi\u00e1trica y universidades, adem\u00e1s de episodios que en su momento motivaron pedidos de investigaci\u00f3n judicial. \u00bfRepresenta realmente a la gente o a una casta con privilegios e inacci\u00f3n?<\/h2>\n\n\n\n<ul class=\"wp-block-list\">\n<li><strong>Por AF<\/strong><\/li>\n<\/ul>\n\n\n\n<p>Alfredo Lu\u00eds De \u00c1ngeli, productor agropecuario y senador por Entre R\u00edos desde 2013, es hoy una figura conocida por su pasado como dirigente rural y su presencia en los medios. Sin embargo, la radiograf\u00eda de su paso por el Senado revela un contraste entre su imagen de \u201chombre del campo\u201d y una gesti\u00f3n que, en los hechos, ha aportado escasa producci\u00f3n legislativa, recurrentes ausencias en votaciones clave y posiciones \u2014o la falta de ellas\u2014 que terminaron perjudicando a sectores vulnerables.<\/p>\n\n\n\n<p><strong>Del tractor al sill\u00f3n, del reclamo al silencio<\/strong><\/p>\n\n\n\n<p>En el plano legislativo, la propia actividad oficial lo muestra casi reducido a proyectos de declaraci\u00f3n \u2014principalmente adhesiones a exposiciones rurales\u2014 y a muy pocas iniciativas de alcance nacional. Informes de seguimiento parlamentario advirtieron que De \u00c1ngeli no present\u00f3 ning\u00fan proyecto de ley durante el a\u00f1o legislativo 2023; su producci\u00f3n registrada en la p\u00e1gina del Senado consiste en declaraciones y pedidos de inter\u00e9s por exposiciones rurales m\u00e1s que en propuestas de pol\u00edtica p\u00fablica. Esa inactividad choca con la promesa de representar y defender los intereses de sus electores con propuestas concretas.<\/p>\n\n\n\n<p>La cuesti\u00f3n de la responsabilidad en el recinto es otra asignatura pendiente. En sesiones y votaciones que afectaron directamente a jubilados, a personas con discapacidad y al financiamiento de la salud pedi\u00e1trica y la educaci\u00f3n universitaria, De \u00c1ngeli opt\u00f3 por la ausencia o la abstenci\u00f3n. El 10 de julio de 2025, por ejemplo, en la votaci\u00f3n de aumentos y medidas relacionadas con jubilaciones y moratoria previsional, su banca estuvo entre las ausentes o entre quienes no acompa\u00f1aron activamente las iniciativas, junto a otros legisladores que luego se escudaron en cuestionamientos a la din\u00e1mica parlamentaria. Ese tipo de omisiones en votaciones que impactan en la vida de millones sugiere una priorizaci\u00f3n de gestos pol\u00edticos por sobre el mandato representativo.<\/p>\n\n\n\n<p>Al m\u00e1s reciente y pol\u00edticamente revelador fue el tratamiento de dos leyes que tuvieron enorme repercusi\u00f3n nacional: la emergencia en pediatr\u00eda (vinculada al Hospital Garrahan) y el financiamiento de las universidades p\u00fablicas. En octubre de 2025 el Senado rechaz\u00f3 los vetos presidenciales y confirm\u00f3 el financiamiento para el Garrahan y las casas de altos estudios. De \u00c1ngeli, sin embargo, se ubic\u00f3 en el grupo de senadores que se abstuvo en esa votaci\u00f3n o que permaneci\u00f3 al margen en momentos decisivos. Abstenerse en medidas que apuntan a sostener la salud infantil y la educaci\u00f3n p\u00fablica equivale, en los hechos, a facilitar el d\u00e9ficit de voz en favor de quienes m\u00e1s necesitan pol\u00edticas p\u00fablicas robustas.<\/p>\n\n\n\n<p>La falta de gesti\u00f3n activa se extiende a su trabajo en comisi\u00f3n. Tras asumir la presidencia de la Comisi\u00f3n de Agricultura hubo cr\u00edticas por la escasa actividad de esa comisi\u00f3n en el periodo m\u00e1s reciente: registros period\u00edsticos se\u00f1alan silencio de reuniones y una inactividad que contrasta con la ret\u00f3rica de \u201cdefender al campo\u201d. Cobrar dietas y liderar mesas que no producen agenda ni dict\u00e1menes alimenta la idea de una pol\u00edtica convertida en club de privilegiados, distante de la fiscalizaci\u00f3n y la elaboraci\u00f3n de pol\u00edticas p\u00fablicas. Para quienes lo votaron, la pregunta es clara: \u00bfd\u00f3nde est\u00e1 el trabajo que justifica la representaci\u00f3n?<\/p>\n\n\n\n<p>Adem\u00e1s de la cuestionable productividad parlamentaria, la trayectoria p\u00fablica de De \u00c1ngeli arrastra episodios que rozaron la investigaci\u00f3n penal. En 2008 un pedido de investigaci\u00f3n del entonces fiscal federal Guillermo Mariju\u00e1n lo ubic\u00f3 en la mira por declaraciones que alud\u00edan a \u201cgente armada\u201d durante piquetes del sector rural, lo que motiv\u00f3 denuncias por intimidaci\u00f3n p\u00fablica, incitaci\u00f3n a la violencia y acopio de armas. Aunque aquello ocurri\u00f3 hace a\u00f1os, la aparici\u00f3n de ese expediente forma parte de un historial que no deber\u00eda pasar inadvertido al evaluar la conducta de quien ocupa un cargo republicano. La vocaci\u00f3n por la protesta no puede confundirse con la idoneidad para legislar desde el Estado.<\/p>\n\n\n\n<p>Poca producci\u00f3n legislativa, ausencias y abstenciones en votaciones sociales cr\u00edticas, inactividad en comisiones y viejas denuncias\u2014 conforma un diagn\u00f3stico duro: De \u00c1ngeli mantiene la fachada del dirigente cercano al campo, pero su aportaci\u00f3n real al debate p\u00fablico institucional es escasa. Mientras tanto, proyectos que afectan a jubilados, hospitales pedi\u00e1tricos y universidades son aprobados o defendidos por otras fuerzas pol\u00edticas; su papel, en contraste, queda reducido a declaraciones medi\u00e1ticas y actos protocolares.<\/p>\n\n\n\n<p><strong>La casta<\/strong><\/p>\n\n\n\n<p>Que un senador cobre dietas, participe de comisiones y conserve la banca sin impulsar leyes ni debates sustantivos es, para muchos, la definici\u00f3n misma de \u201ccasta\u201d: representantes que viven de la pol\u00edtica pero no la ejercen. Si la democracia exige rendici\u00f3n de cuentas, corresponde que la ciudadan\u00eda y los medios sigan midiendo y poniendo en cuesti\u00f3n esta gesti\u00f3n. La provincia de Entre R\u00edos merece representantes que legislen, propongan soluciones concretas y est\u00e9n presentes cuando se vota por la salud, la educaci\u00f3n y el bienestar de los jubilados \u2014no figuras que prefieren la tribuna y la comodidad de la ausencia.<\/p>\n\n\n\n<ul class=\"wp-block-list\">\n<li><strong>Periodista de investigaci\u00f3n<\/strong><\/li>\n<\/ul>\n","protected":false},"excerpt":{"rendered":"<p>Alfredo De &Aacute;ngeli lleg&oacute; al Senado como referente rural y figura medi&aacute;tica del agro, pero su gesti&oacute;n en la C&aacute;mara alta muestra pocas iniciativas legislativas, ausencias y abstenciones en votaciones sensibles para jubilados, salud pedi&aacute;trica y universidades, adem&aacute;s de episodios que en su momento motivaron pedidos de investigaci&oacute;n judicial. &iquest;Representa realmente a la gente o [&hellip;]<\/p>\n","protected":false},"author":2,"featured_media":31281,"comment_status":"closed","ping_status":"closed","sticky":false,"template":"","format":"standard","meta":{"footnotes":""},"categories":[11,4,49],"tags":[3022,33,2909],"class_list":["post-31280","post","type-post","status-publish","format-standard","has-post-thumbnail","hentry","category-politica","category-provinciales","category-sociedad","tag-alfredo-de-angeli","tag-entre-rios","tag-senador"],"_links":{"self":[{"href":"https:\/\/impactodenoticias.com.ar\/index.php?rest_route=\/wp\/v2\/posts\/31280","targetHints":{"allow":["GET"]}}],"collection":[{"href":"https:\/\/impactodenoticias.com.ar\/index.php?rest_route=\/wp\/v2\/posts"}],"about":[{"href":"https:\/\/impactodenoticias.com.ar\/index.php?rest_route=\/wp\/v2\/types\/post"}],"author":[{"embeddable":true,"href":"https:\/\/impactodenoticias.com.ar\/index.php?rest_route=\/wp\/v2\/users\/2"}],"replies":[{"embeddable":true,"href":"https:\/\/impactodenoticias.com.ar\/index.php?rest_route=%2Fwp%2Fv2%2Fcomments&post=31280"}],"version-history":[{"count":1,"href":"https:\/\/impactodenoticias.com.ar\/index.php?rest_route=\/wp\/v2\/posts\/31280\/revisions"}],"predecessor-version":[{"id":31282,"href":"https:\/\/impactodenoticias.com.ar\/index.php?rest_route=\/wp\/v2\/posts\/31280\/revisions\/31282"}],"wp:featuredmedia":[{"embeddable":true,"href":"https:\/\/impactodenoticias.com.ar\/index.php?rest_route=\/wp\/v2\/media\/31281"}],"wp:attachment":[{"href":"https:\/\/impactodenoticias.com.ar\/index.php?rest_route=%2Fwp%2Fv2%2Fmedia&parent=31280"}],"wp:term":[{"taxonomy":"category","embeddable":true,"href":"https:\/\/impactodenoticias.com.ar\/index.php?rest_route=%2Fwp%2Fv2%2Fcategories&post=31280"},{"taxonomy":"post_tag","embeddable":true,"href":"https:\/\/impactodenoticias.com.ar\/index.php?rest_route=%2Fwp%2Fv2%2Ftags&post=31280"}],"curies":[{"name":"wp","href":"https:\/\/api.w.org\/{rel}","templated":true}]}}