{"id":31317,"date":"2025-11-06T18:43:12","date_gmt":"2025-11-06T21:43:12","guid":{"rendered":"https:\/\/impactodenoticias.com.ar\/?p=31317"},"modified":"2025-11-07T09:39:47","modified_gmt":"2025-11-07T12:39:47","slug":"parana-el-presupuesto-municipal-2026-preve-la-eliminacion-de-tasas-y-prioriza-obras-estrategicas-para-la-ciudad","status":"publish","type":"post","link":"https:\/\/impactodenoticias.com.ar\/?p=31317","title":{"rendered":"Paran\u00e1: el Presupuesto Municipal 2026 prev\u00e9 la eliminaci\u00f3n de tasas y prioriza obras estrat\u00e9gicas para la ciudad"},"content":{"rendered":"\n<h2 class=\"wp-block-heading\">La Presidenta Municipal, Rosario Romero, elev\u00f3 el pasado viernes al Concejo Deliberante el Proyecto de Presupuesto Municipal para el ejercicio 2026 y la Ordenanza Tributaria.<\/h2>\n\n\n\n<p>Se destaca un presupuesto equilibrado en el que no prev\u00e9 toma de endeudamiento, orientado a sostener la prestaci\u00f3n de servicios de calidad, fomentar el desarrollo local y a avanzar en obras estrat\u00e9gicas con mirada sostenible para la ciudad de Paran\u00e1.<\/p>\n\n\n\n<p>La Ordenanza Tributaria pone el acento en la simplificaci\u00f3n de tasas, con eliminaci\u00f3n de unas y reducci\u00f3n de al\u00edcuotas en otras, destinadas a disminuir la carga fiscal y el costo de cumplimiento de los contribuyentes.<\/p>\n\n\n\n<p>Romero destac\u00f3 que el presupuesto \u201ces una herramienta central para planificar el a\u00f1o pr\u00f3ximo con responsabilidad, previsi\u00f3n y una mirada puesta en el crecimiento ordenado de la ciudad\u201d. El proyecto estima un monto total cercano a los 232.000 millones de pesos.<\/p>\n\n\n\n<p>\u201cContar con un presupuesto claro, previsible y responsable, que sirva como hoja de ruta de las pol\u00edticas p\u00fablicas que delinear\u00e1n el desarrollo de Paran\u00e1 de cara al futuro, siempre pensando en las respuestas que como Estado debemos acercarle a los vecinos\u00bb, sostuvo la intendenta de Paran\u00e1.<\/p>\n\n\n\n<p><strong>Principales puntos<\/strong><\/p>\n\n\n\n<p>El proyecto pone el foco en Servicios de calidad y obras estrat\u00e9gicas, prioriza la mejora continua en los servicios urbanos esenciales, la ejecuci\u00f3n de obras centrales para la ciudad, que incluyen accesibilidad, infraestructura vial, saneamiento, espacios p\u00fablicos y soluciones ambientales.<\/p>\n\n\n\n<p>Respecto a la Ordenanza Tributaria se destaca la eliminaci\u00f3n del Derecho de Espect\u00e1culos P\u00fablicos, vinculado a diversas actividades culturales y eventos p\u00fablicos, del Derecho de Publicidad, que alcanzaba al sector comercial, del derecho de Ocupaci\u00f3n de la V\u00eda P\u00fablica para establecimientos gastron\u00f3micos y comercios en general, readecu\u00e1ndolo con la Tasa por Inspecci\u00f3n de Redes, orientada a cubrir los servicios t\u00e9cnicos que la Municipalidad realiza en territorio. Finalmente, la eliminaci\u00f3n de diversos sellados o tasas por actuaciones administrativas, que afectaban a tr\u00e1mites generales como certificados, solicitudes o gestiones de planes y otros.<\/p>\n\n\n\n<p>Respecto a la tasa de alumbrado p\u00fablico, se propone una reducci\u00f3n de m\u00e1s de un 18% de las al\u00edcuotas para todas las categor\u00edas. Fij\u00e1ndose en 13% para los usuarios residenciales, 12% para comerciales, oficiales, institucionales y un 11% para horticultores.<\/p>\n\n\n\n<p>Esta pol\u00edtica de reducci\u00f3n de tasas tiene su respaldo en un plan de transici\u00f3n energ\u00e9tica que podr\u00e1 darse en la ciudad de Paran\u00e1 gracias a distintas acciones siendo la m\u00e1s destacada la construcci\u00f3n del Parque Solar Fotovoltaico que producir\u00e1 7,5 megas de energ\u00eda alternativa.<\/p>\n\n\n\n<p><strong>Debate y tratamiento legislativo<\/strong><\/p>\n\n\n\n<p>Durante noviembre, el Concejo Deliberante realizar\u00e1 las instancias de an\u00e1lisis, consulta y discusi\u00f3n del proyecto, con participaci\u00f3n de las distintas \u00e1reas del Ejecutivo. Una vez finalizado este proceso, el presupuesto quedar\u00e1 en condiciones de ser tratado en sesi\u00f3n.<\/p>\n","protected":false},"excerpt":{"rendered":"<p>La Presidenta Municipal, Rosario Romero, elev&oacute; el pasado viernes al Concejo Deliberante el Proyecto de Presupuesto Municipal para el ejercicio 2026 y la Ordenanza Tributaria. Se destaca un presupuesto equilibrado en el que no prev&eacute; toma de endeudamiento, orientado a sostener la prestaci&oacute;n de servicios de calidad, fomentar el desarrollo local y a avanzar en [&hellip;]<\/p>\n","protected":false},"author":2,"featured_media":31318,"comment_status":"closed","ping_status":"closed","sticky":false,"template":"","format":"standard","meta":{"footnotes":""},"categories":[3,1902,11],"tags":[102,95,2291,161],"class_list":["post-31317","post","type-post","status-publish","format-standard","has-post-thumbnail","hentry","category-locales","category-municipales","category-politica","tag-municipalidad","tag-parana","tag-presupuesto","tag-rosario-romero"],"_links":{"self":[{"href":"https:\/\/impactodenoticias.com.ar\/index.php?rest_route=\/wp\/v2\/posts\/31317","targetHints":{"allow":["GET"]}}],"collection":[{"href":"https:\/\/impactodenoticias.com.ar\/index.php?rest_route=\/wp\/v2\/posts"}],"about":[{"href":"https:\/\/impactodenoticias.com.ar\/index.php?rest_route=\/wp\/v2\/types\/post"}],"author":[{"embeddable":true,"href":"https:\/\/impactodenoticias.com.ar\/index.php?rest_route=\/wp\/v2\/users\/2"}],"replies":[{"embeddable":true,"href":"https:\/\/impactodenoticias.com.ar\/index.php?rest_route=%2Fwp%2Fv2%2Fcomments&post=31317"}],"version-history":[{"count":1,"href":"https:\/\/impactodenoticias.com.ar\/index.php?rest_route=\/wp\/v2\/posts\/31317\/revisions"}],"predecessor-version":[{"id":31319,"href":"https:\/\/impactodenoticias.com.ar\/index.php?rest_route=\/wp\/v2\/posts\/31317\/revisions\/31319"}],"wp:featuredmedia":[{"embeddable":true,"href":"https:\/\/impactodenoticias.com.ar\/index.php?rest_route=\/wp\/v2\/media\/31318"}],"wp:attachment":[{"href":"https:\/\/impactodenoticias.com.ar\/index.php?rest_route=%2Fwp%2Fv2%2Fmedia&parent=31317"}],"wp:term":[{"taxonomy":"category","embeddable":true,"href":"https:\/\/impactodenoticias.com.ar\/index.php?rest_route=%2Fwp%2Fv2%2Fcategories&post=31317"},{"taxonomy":"post_tag","embeddable":true,"href":"https:\/\/impactodenoticias.com.ar\/index.php?rest_route=%2Fwp%2Fv2%2Ftags&post=31317"}],"curies":[{"name":"wp","href":"https:\/\/api.w.org\/{rel}","templated":true}]}}