{"id":31321,"date":"2025-11-07T00:07:34","date_gmt":"2025-11-07T03:07:34","guid":{"rendered":"https:\/\/impactodenoticias.com.ar\/?p=31321"},"modified":"2025-11-07T09:39:57","modified_gmt":"2025-11-07T12:39:57","slug":"parana-habra-cortes-de-agua-y-desvios-por-obras-para-mejorar-el-servicio-de-agua-potable-en-la-zona-oeste","status":"publish","type":"post","link":"https:\/\/impactodenoticias.com.ar\/?p=31321","title":{"rendered":"Paran\u00e1: habr\u00e1 cortes de agua y desv\u00edos por obras para mejorar el servicio de agua potable en la zona oeste"},"content":{"rendered":"\n<h2 class=\"wp-block-heading\">La obra se desarrolla como una acci\u00f3n dentro del programa \u201cObras de Impulsi\u00f3n\u201d, contenido en el Plan de Fortalecimiento del Agua Potable de Paran\u00e1. La meta principal es lograr una mejora en la disponibilidad de vol\u00famenes de agua para abastecimiento de los sectores oeste y suroeste de la ciudad, sobre todo en \u00e9pocas de mayor demanda.<\/h2>\n\n\n\n<p>\u201cLas intervenciones que se est\u00e1n haciendo permitir\u00e1n mejorar much\u00edsimo el aprovisionamiento de agua entre la planta Echeverr\u00eda y la planta Ram\u00edrez. Son m\u00e1s de 4 kil\u00f3metros de tuber\u00eda subterr\u00e1nea de 500 mm y solo queda muy poco para completar la obra. El beneficio est\u00e1 en garantizar el suministro atendiendo las condiciones de disponibilidad en la \u00e9poca estival\u201d, destac\u00f3 Mayra Collante, secretaria de Recursos H\u00eddricos y Gesti\u00f3n Ambiental.<\/p>\n\n\n\n<p>La obra registra un alto porcentaje de ejecuci\u00f3n, por lo que se aguarda su finalizaci\u00f3n en un plazo estimado de un mes y medio.<\/p>\n\n\n\n<p>Son m\u00e1s de 5.500 metros de ca\u00f1er\u00eda de distintos di\u00e1metros que se extienden desde Planta Echeverr\u00eda hacia la Planta Ram\u00edrez, pasando por calles Ambrosetti, 3 de Febrero (desde Uranga hasta Almafuerte) y Dean J. \u00c1lvarez. Con esto se lograr\u00e1 un incremento de entre el 10 y 12% del volumen de agua impulsada.<\/p>\n\n\n\n<p>El programa del Plan de Fortalecimiento del Agua Potable contempla trabajos en diversos aspectos, desde la producci\u00f3n hasta la distribuci\u00f3n. \u201cLa obra va a implicar que los vecinos tengan disponibilidad de agua en los reservorios para que se distribuya paulatinamente hacia los barrios. Es un proceso de mejora que se va a ir dando paulatinamente, ya que adem\u00e1s requiere la adecuaci\u00f3n de v\u00e1lvulas y recambios de algunas ca\u00f1er\u00edas para garantizar el funcionamiento pleno de la distribuci\u00f3n hacia el centro oeste y suroeste de la ciudad\u201d, se\u00f1al\u00f3 el subsecretario de Infraestructura, Xavier Bilbao<\/p>\n\n\n\n<p><strong>Corte de tr\u00e1nsito y desv\u00edos por trabajos en Almafuerte y 3 de Febrero<\/strong><\/p>\n\n\n\n<p>A partir de este viernes 7 hasta el lunes 10, se ver\u00e1 afectado el tr\u00e1nsito en el sentido Oeste-Este de avenida Almafuerte, desde Jos\u00e9 Mar\u00eda Cocuzza hasta H\u00e9ctor O. Pajarito, por labores en la intersecci\u00f3n con 3 de Febrero.<\/p>\n\n\n\n<p>Los conductores que circulen por Dean J. Alvarez, deber\u00e1n desviar por calle Jos\u00e9 Mar\u00eda Cocuzza, para despues retomar Almafuerte por Hector O. Pajarito (continuaci\u00f3n de Marangunich). Para aquellos que circulen por 3 de Febrero, hacia el sur, deber\u00e1n desviar por Almafuerte hacia el Oeste para tomar Ram\u00edrez y posteriormente Dean J. \u00c1lvarez, o bien tomar Churruar\u00edn hacia el Este.<\/p>\n\n\n\n<p>El carril de ingreso hacia el centro de la ciudad (sentido este-oeste) de Almafuerte no se ver\u00e1 afectado.<\/p>\n\n\n\n<p>Adem\u00e1s, durante la semana del 10 de noviembre los trabajos se trasladar\u00e1n a calle Dean J. \u00c1lvarez, entre Carb\u00f3 y Almafuerte, con reducci\u00f3n de media calzada. Una vez finalizada la obra se trasladar\u00e1 a avenida Ram\u00edrez y Carb\u00f3. Se recomienda a los conductores evitar la zona o circular con precauci\u00f3n.<\/p>\n","protected":false},"excerpt":{"rendered":"<p>La obra se desarrolla como una acci&oacute;n dentro del programa &ldquo;Obras de Impulsi&oacute;n&rdquo;, contenido en el Plan de Fortalecimiento del Agua Potable de Paran&aacute;. La meta principal es lograr una mejora en la disponibilidad de vol&uacute;menes de agua para abastecimiento de los sectores oeste y suroeste de la ciudad, sobre todo en &eacute;pocas de mayor [&hellip;]<\/p>\n","protected":false},"author":2,"featured_media":31322,"comment_status":"closed","ping_status":"closed","sticky":false,"template":"","format":"standard","meta":{"footnotes":""},"categories":[3,1902],"tags":[878,882,971,102,716,95,1439],"class_list":["post-31321","post","type-post","status-publish","format-standard","has-post-thumbnail","hentry","category-locales","category-municipales","tag-agua","tag-corte","tag-desvio","tag-municipalidad","tag-obras","tag-parana","tag-transito"],"_links":{"self":[{"href":"https:\/\/impactodenoticias.com.ar\/index.php?rest_route=\/wp\/v2\/posts\/31321","targetHints":{"allow":["GET"]}}],"collection":[{"href":"https:\/\/impactodenoticias.com.ar\/index.php?rest_route=\/wp\/v2\/posts"}],"about":[{"href":"https:\/\/impactodenoticias.com.ar\/index.php?rest_route=\/wp\/v2\/types\/post"}],"author":[{"embeddable":true,"href":"https:\/\/impactodenoticias.com.ar\/index.php?rest_route=\/wp\/v2\/users\/2"}],"replies":[{"embeddable":true,"href":"https:\/\/impactodenoticias.com.ar\/index.php?rest_route=%2Fwp%2Fv2%2Fcomments&post=31321"}],"version-history":[{"count":1,"href":"https:\/\/impactodenoticias.com.ar\/index.php?rest_route=\/wp\/v2\/posts\/31321\/revisions"}],"predecessor-version":[{"id":31323,"href":"https:\/\/impactodenoticias.com.ar\/index.php?rest_route=\/wp\/v2\/posts\/31321\/revisions\/31323"}],"wp:featuredmedia":[{"embeddable":true,"href":"https:\/\/impactodenoticias.com.ar\/index.php?rest_route=\/wp\/v2\/media\/31322"}],"wp:attachment":[{"href":"https:\/\/impactodenoticias.com.ar\/index.php?rest_route=%2Fwp%2Fv2%2Fmedia&parent=31321"}],"wp:term":[{"taxonomy":"category","embeddable":true,"href":"https:\/\/impactodenoticias.com.ar\/index.php?rest_route=%2Fwp%2Fv2%2Fcategories&post=31321"},{"taxonomy":"post_tag","embeddable":true,"href":"https:\/\/impactodenoticias.com.ar\/index.php?rest_route=%2Fwp%2Fv2%2Ftags&post=31321"}],"curies":[{"name":"wp","href":"https:\/\/api.w.org\/{rel}","templated":true}]}}