{"id":31324,"date":"2025-11-07T00:18:20","date_gmt":"2025-11-07T03:18:20","guid":{"rendered":"https:\/\/impactodenoticias.com.ar\/?p=31324"},"modified":"2025-11-07T09:39:54","modified_gmt":"2025-11-07T12:39:54","slug":"grave-denuncia-en-el-pj-de-concordia-acusan-a-javier-orduna-por-violencia-de-genero-y-maniobras-internas-contra-la-conduccion-partidaria","status":"publish","type":"post","link":"https:\/\/impactodenoticias.com.ar\/?p=31324","title":{"rendered":"Grave denuncia en el PJ de Concordia: acusan a Javier Orduna por violencia de g\u00e9nero y maniobras internas contra la conducci\u00f3n partidaria"},"content":{"rendered":"\n<h2 class=\"wp-block-heading\">La vicepresidenta del Partido Justicialista de Concordia, Yanina Barbona, denunci\u00f3 al dirigente y abogado Javier Orduna por presuntos hechos de violencia de g\u00e9nero e intimidaci\u00f3n. El episodio, ocurrido en el marco de una reuni\u00f3n pol\u00edtica, dej\u00f3 al descubierto tensiones y disputas internas en el peronismo local.<\/h2>\n\n\n\n<p>Un nuevo conflicto sacude al Partido Justicialista (PJ) de Concordia y expone una crisis pol\u00edtica de fondo. La dirigente Yanina Barbona, vicepresidenta del partido, denunci\u00f3 penalmente a Javier Orduna, abogado y referente peronista, por presuntos episodios de violencia de g\u00e9nero y hostigamiento verbal.<\/p>\n\n\n\n<p>La denuncia fue presentada el 27 de octubre de 2025 ante la Polic\u00eda de Entre R\u00edos, y describe una serie de agresiones verbales y amenazas que, seg\u00fan la v\u00edctima, ocurrieron en distintos encuentros partidarios. El hecho m\u00e1s grave se habr\u00eda registrado el 7 de octubre, durante una reuni\u00f3n entre el Comando Electoral y la agrupaci\u00f3n PAR, espacio interno que lidera Orduna.<\/p>\n\n\n\n<p>De acuerdo con el relato de Barbona, el dirigente habr\u00eda intentado impulsar la destituci\u00f3n del presidente del PJ local, Facundo Ruiz D\u00edaz, e incluso adue\u00f1arse de las llaves del local partidario, lo que desat\u00f3 un fuerte cruce entre ambos sectores. En medio de esa discusi\u00f3n, Orduna la habr\u00eda intimidado con escracharla p\u00fablicamente en redes sociales, hecho que deriv\u00f3 en la presentaci\u00f3n judicial.<\/p>\n\n\n\n<p><\/p>\n\n\n\n<figure class=\"wp-block-image size-full\"><img loading=\"lazy\" decoding=\"async\" width=\"802\" height=\"1024\" src=\"https:\/\/impactodenoticias.com.ar\/wp-content\/uploads\/2025\/11\/Denuncia-Orduna.jpg\" alt=\"\" class=\"wp-image-31325\" srcset=\"https:\/\/impactodenoticias.com.ar\/wp-content\/uploads\/2025\/11\/Denuncia-Orduna.jpg 802w, https:\/\/impactodenoticias.com.ar\/wp-content\/uploads\/2025\/11\/Denuncia-Orduna-235x300.jpg 235w, https:\/\/impactodenoticias.com.ar\/wp-content\/uploads\/2025\/11\/Denuncia-Orduna-768x981.jpg 768w\" sizes=\"auto, (max-width: 802px) 100vw, 802px\" \/><\/figure>\n\n\n\n<p><\/p>\n\n\n\n<p><strong>Una interna al rojo vivo<\/strong><\/p>\n\n\n\n<p>El conflicto, m\u00e1s all\u00e1 del plano judicial, revela un clima de tensi\u00f3n creciente dentro del peronismo concordiense. Orduna ocupa un rol clave como apoderado legal del PJ, lo que le otorga peso en la estructura partidaria. Seg\u00fan fuentes cercanas al partido, la denuncia \u201cagrava una disputa interna que ya ven\u00eda gest\u00e1ndose desde las elecciones internas y la reorganizaci\u00f3n del comando electoral\u201d.<\/p>\n\n\n\n<p>Barbona afirm\u00f3 que las agresiones continuaron en los d\u00edas siguientes, especialmente en el marco de la distribuci\u00f3n de materiales de campa\u00f1a y carteler\u00eda, donde habr\u00eda recibido mensajes descalificadores y ofensivos.<\/p>\n\n\n\n<p><strong>En su declaraci\u00f3n, la dirigente expres\u00f3:<\/strong><\/p>\n\n\n\n<figure class=\"wp-block-pullquote\"><blockquote><p>\u201cNo quiero que se me acerque ni ser molestada. Me siento atacada como mujer y como militante. Esta situaci\u00f3n afect\u00f3 mi salud y me gener\u00f3 un profundo malestar personal\u201d.<br>La denunciante adem\u00e1s pidi\u00f3 medidas restrictivas de acercamiento para impedir nuevos episodios de hostigamiento.<\/p><\/blockquote><\/figure>\n\n\n\n<p><strong>Repercusiones y silencio oficial<\/strong><\/p>\n\n\n\n<p>Hasta el momento, ni el presidente del PJ de Concordia, Facundo Ruiz D\u00edaz, ni otros miembros de la conducci\u00f3n han emitido comunicados oficiales sobre el hecho. En tanto, desde el entorno de Orduna evitaron hacer declaraciones p\u00fablicas, aunque fuentes cercanas aseguran que el dirigente \u201cconsidera infundadas las acusaciones y las atribuye a disputas internas\u201d.<\/p>\n\n\n\n<p>La Justicia entrerriana deber\u00e1 ahora analizar las pruebas y testimonios presentados por Barbona, mientras el peronismo local intenta contener los efectos pol\u00edticos de una denuncia que golpea directamente a su estructura.<\/p>\n\n\n\n<p>Lo ocurrido expone nuevamente la fragilidad institucional del justicialismo en Concordia, donde las diferencias personales y de poder parecen haberse transformado en un conflicto de gravedad judicial.<\/p>\n","protected":false},"excerpt":{"rendered":"<p>La vicepresidenta del Partido Justicialista de Concordia, Yanina Barbona, denunci&oacute; al dirigente y abogado Javier Orduna por presuntos hechos de violencia de g&eacute;nero e intimidaci&oacute;n. El episodio, ocurrido en el marco de una reuni&oacute;n pol&iacute;tica, dej&oacute; al descubierto tensiones y disputas internas en el peronismo local. Un nuevo conflicto sacude al Partido Justicialista (PJ) de [&hellip;]<\/p>\n","protected":false},"author":2,"featured_media":31326,"comment_status":"closed","ping_status":"closed","sticky":false,"template":"","format":"standard","meta":{"footnotes":""},"categories":[90,11,4],"tags":[72,68,383,6197],"class_list":["post-31324","post","type-post","status-publish","format-standard","has-post-thumbnail","hentry","category-judicial","category-politica","category-provinciales","tag-concordia","tag-denuncia","tag-javier-orduna","tag-yanina-barbona"],"_links":{"self":[{"href":"https:\/\/impactodenoticias.com.ar\/index.php?rest_route=\/wp\/v2\/posts\/31324","targetHints":{"allow":["GET"]}}],"collection":[{"href":"https:\/\/impactodenoticias.com.ar\/index.php?rest_route=\/wp\/v2\/posts"}],"about":[{"href":"https:\/\/impactodenoticias.com.ar\/index.php?rest_route=\/wp\/v2\/types\/post"}],"author":[{"embeddable":true,"href":"https:\/\/impactodenoticias.com.ar\/index.php?rest_route=\/wp\/v2\/users\/2"}],"replies":[{"embeddable":true,"href":"https:\/\/impactodenoticias.com.ar\/index.php?rest_route=%2Fwp%2Fv2%2Fcomments&post=31324"}],"version-history":[{"count":2,"href":"https:\/\/impactodenoticias.com.ar\/index.php?rest_route=\/wp\/v2\/posts\/31324\/revisions"}],"predecessor-version":[{"id":31328,"href":"https:\/\/impactodenoticias.com.ar\/index.php?rest_route=\/wp\/v2\/posts\/31324\/revisions\/31328"}],"wp:featuredmedia":[{"embeddable":true,"href":"https:\/\/impactodenoticias.com.ar\/index.php?rest_route=\/wp\/v2\/media\/31326"}],"wp:attachment":[{"href":"https:\/\/impactodenoticias.com.ar\/index.php?rest_route=%2Fwp%2Fv2%2Fmedia&parent=31324"}],"wp:term":[{"taxonomy":"category","embeddable":true,"href":"https:\/\/impactodenoticias.com.ar\/index.php?rest_route=%2Fwp%2Fv2%2Fcategories&post=31324"},{"taxonomy":"post_tag","embeddable":true,"href":"https:\/\/impactodenoticias.com.ar\/index.php?rest_route=%2Fwp%2Fv2%2Ftags&post=31324"}],"curies":[{"name":"wp","href":"https:\/\/api.w.org\/{rel}","templated":true}]}}