{"id":31362,"date":"2025-11-07T17:51:52","date_gmt":"2025-11-07T20:51:52","guid":{"rendered":"https:\/\/impactodenoticias.com.ar\/?p=31362"},"modified":"2025-11-08T08:38:15","modified_gmt":"2025-11-08T11:38:15","slug":"parana-se-realizaran-cortes-de-transito-en-la-zona-de-la-costanera-por-tareas-de-mantenimiento-del-arbolado","status":"publish","type":"post","link":"https:\/\/impactodenoticias.com.ar\/?p=31362","title":{"rendered":"Paran\u00e1: se realizar\u00e1n cortes de tr\u00e1nsito en la zona de la Costanera por tareas de mantenimiento del arbolado"},"content":{"rendered":"\n<h2 class=\"wp-block-heading\">Se efectuar\u00e1n por parte de la municipalidad tareas de mantenimiento del arbolado urbano en la Costanera. Los trabajos ser\u00e1n realizados en articulaci\u00f3n con ENERSA y forman parte del plan de conservaci\u00f3n del arbolado urbano de la ciudad.<\/h2>\n\n\n\n<p>Estas acciones se llevar\u00e1n adelante este s\u00e1bado, entre las 7 y las 14 y generar\u00e1 un corte de tr\u00e1nsito sobre calle Cuesta de Izaguirre, desde Acuerdo de San Nicol\u00e1s hasta Laurencena.<\/p>\n\n\n\n<p>Mientras se realicen las tareas, el tr\u00e1nsito sobre Laurencena ser\u00e1 controlado para garantizar la seguridad de los equipos y transe\u00fantes.<\/p>\n\n\n\n<p>Se insta a los vecinos circular con precauci\u00f3n y respetar la se\u00f1alizaci\u00f3n dispuesta en el \u00e1rea de trabajo.<\/p>\n","protected":false},"excerpt":{"rendered":"<p>Se efectuar&aacute;n por parte de la municipalidad tareas de mantenimiento del arbolado urbano en la Costanera. Los trabajos ser&aacute;n realizados en articulaci&oacute;n con ENERSA y forman parte del plan de conservaci&oacute;n del arbolado urbano de la ciudad. Estas acciones se llevar&aacute;n adelante este s&aacute;bado, entre las 7 y las 14 y generar&aacute; un corte de [&hellip;]<\/p>\n","protected":false},"author":2,"featured_media":31363,"comment_status":"closed","ping_status":"closed","sticky":false,"template":"","format":"standard","meta":{"footnotes":""},"categories":[3,1902],"tags":[6210,3356,241,409,95,1439],"class_list":["post-31362","post","type-post","status-publish","format-standard","has-post-thumbnail","hentry","category-locales","category-municipales","tag-arbolado","tag-cortes","tag-costanera","tag-enersa","tag-parana","tag-transito"],"_links":{"self":[{"href":"https:\/\/impactodenoticias.com.ar\/index.php?rest_route=\/wp\/v2\/posts\/31362","targetHints":{"allow":["GET"]}}],"collection":[{"href":"https:\/\/impactodenoticias.com.ar\/index.php?rest_route=\/wp\/v2\/posts"}],"about":[{"href":"https:\/\/impactodenoticias.com.ar\/index.php?rest_route=\/wp\/v2\/types\/post"}],"author":[{"embeddable":true,"href":"https:\/\/impactodenoticias.com.ar\/index.php?rest_route=\/wp\/v2\/users\/2"}],"replies":[{"embeddable":true,"href":"https:\/\/impactodenoticias.com.ar\/index.php?rest_route=%2Fwp%2Fv2%2Fcomments&post=31362"}],"version-history":[{"count":1,"href":"https:\/\/impactodenoticias.com.ar\/index.php?rest_route=\/wp\/v2\/posts\/31362\/revisions"}],"predecessor-version":[{"id":31364,"href":"https:\/\/impactodenoticias.com.ar\/index.php?rest_route=\/wp\/v2\/posts\/31362\/revisions\/31364"}],"wp:featuredmedia":[{"embeddable":true,"href":"https:\/\/impactodenoticias.com.ar\/index.php?rest_route=\/wp\/v2\/media\/31363"}],"wp:attachment":[{"href":"https:\/\/impactodenoticias.com.ar\/index.php?rest_route=%2Fwp%2Fv2%2Fmedia&parent=31362"}],"wp:term":[{"taxonomy":"category","embeddable":true,"href":"https:\/\/impactodenoticias.com.ar\/index.php?rest_route=%2Fwp%2Fv2%2Fcategories&post=31362"},{"taxonomy":"post_tag","embeddable":true,"href":"https:\/\/impactodenoticias.com.ar\/index.php?rest_route=%2Fwp%2Fv2%2Ftags&post=31362"}],"curies":[{"name":"wp","href":"https:\/\/api.w.org\/{rel}","templated":true}]}}