{"id":31376,"date":"2025-11-08T08:25:02","date_gmt":"2025-11-08T11:25:02","guid":{"rendered":"https:\/\/impactodenoticias.com.ar\/?p=31376"},"modified":"2025-11-09T09:38:15","modified_gmt":"2025-11-09T12:38:15","slug":"buenos-aires-la-academia-nacional-de-medicina-reconocera-a-medico-concordiense","status":"publish","type":"post","link":"https:\/\/impactodenoticias.com.ar\/?p=31376","title":{"rendered":"Buenos Aires: la Academia Nacional de Medicina reconocer\u00e1 a m\u00e9dico concordiense"},"content":{"rendered":"\n<h2 class=\"wp-block-heading\">La Academia Nacional de Medicina de Buenos Aires otorgar\u00e1 el Premio Hip\u00f3crates 2025 al m\u00e9dico Carlos Alfredo Barb\u00e1s, en reconocimiento a su destacada trayectoria en Asistencia Rural.<\/h2>\n\n\n\n<p>El reconocimiento distingue la labor de m\u00e1s de tres d\u00e9cadas del profesional concordiense en la atenci\u00f3n rural, quien dirigi\u00f3 los centros de salud de Puerto Yeru\u00e1 y Nueva Escocia, en el departamento Concordia, y ejerci\u00f3 la medicina hasta los 82 a\u00f1os.<\/p>\n\n\n\n<p>Barb\u00e1s, Oriundo de Concordia, fue director de los centros de salud de Puerto Yeru\u00e1 y Nueva Escocia (departamento Concordia), donde llev\u00f3 adelante una labor incansable durante m\u00e1s de 30 a\u00f1os. Ejerci\u00f3 su profesi\u00f3n hasta dos d\u00edas antes de su fallecimiento, ocurrido el 31 de julio de este a\u00f1o, a los 82 a\u00f1os.<\/p>\n\n\n\n<p>El reconocimiento a su larga trayectoria ser\u00e1 entregado en una Sesi\u00f3n P\u00fablica Extraordinaria de la Academia, el pr\u00f3ximo jueves 13 de noviembre de 2025, junto a otros distinguidos profesionales de la medicina argentina.<\/p>\n\n\n\n<p>\u00abAunque ya no est\u00e9 f\u00edsicamente con nosotros, su huella, su inmensa calidad humana y el compromiso de pensar siempre en el otro nos dejaron un ejemplo imborrable\u00bb, manifest\u00f3 su hija, Gabriela Barb\u00e1s, ex ministra de Salud de C\u00f3rdoba.<\/p>\n\n\n\n<p>\u00abEste premio es un hermoso tributo a la vida que dedic\u00f3 a los dem\u00e1s\u00bb, a\u00f1adi\u00f3.<\/p>\n\n\n\n<p>Seg\u00fan se inform\u00f3, Barb\u00e1s fue un \u00abreferente esencial para la comunidad de Puerto Yeru\u00e1 y su zona de influencia\u00bb.<\/p>\n\n\n\n<p>En \u00e9pocas en que los caminos rurales se volv\u00edan intransitables por las lluvias, \u00e9l no interrump\u00eda la atenci\u00f3n: transform\u00f3 habitaciones cedidas por vecinos en salas equipadas, organiz\u00f3 rondas sanitarias y campa\u00f1as de vacunaci\u00f3n, y lleg\u00f3 a atender a m\u00e1s de 30 personas por d\u00eda.<\/p>\n\n\n\n<p>Adem\u00e1s su gesti\u00f3n fue clave para lograr la construcci\u00f3n de un nuevo edificio sanitario, incorporar pediatras, enfermeros y agentes sanitarios, y fortalecer la red de atenci\u00f3n primaria.<\/p>\n\n\n\n<p>El Premio Hip\u00f3crates 2025 reconoce as\u00ed una vida entera dedicada al bienestar de los dem\u00e1s, marcada por la solidaridad, la vocaci\u00f3n y la convicci\u00f3n de que la salud p\u00fablica se construye desde la cercan\u00eda y el trabajo cotidiano.<\/p>\n","protected":false},"excerpt":{"rendered":"<p>La Academia Nacional de Medicina de Buenos Aires otorgar&aacute; el Premio Hip&oacute;crates 2025 al m&eacute;dico Carlos Alfredo Barb&aacute;s, en reconocimiento a su destacada trayectoria en Asistencia Rural. El reconocimiento distingue la labor de m&aacute;s de tres d&eacute;cadas del profesional concordiense en la atenci&oacute;n rural, quien dirigi&oacute; los centros de salud de Puerto Yeru&aacute; y Nueva [&hellip;]<\/p>\n","protected":false},"author":2,"featured_media":31377,"comment_status":"closed","ping_status":"closed","sticky":false,"template":"","format":"standard","meta":{"footnotes":""},"categories":[4,49],"tags":[6217,6218,72,708,6220,6219,675],"class_list":["post-31376","post","type-post","status-publish","format-standard","has-post-thumbnail","hentry","category-provinciales","category-sociedad","tag-academia-nacional-de-medicina","tag-carlos-alfredo-barbas","tag-concordia","tag-medico","tag-nueva-escocia","tag-premio-hipocrates","tag-puerto-yerua"],"_links":{"self":[{"href":"https:\/\/impactodenoticias.com.ar\/index.php?rest_route=\/wp\/v2\/posts\/31376","targetHints":{"allow":["GET"]}}],"collection":[{"href":"https:\/\/impactodenoticias.com.ar\/index.php?rest_route=\/wp\/v2\/posts"}],"about":[{"href":"https:\/\/impactodenoticias.com.ar\/index.php?rest_route=\/wp\/v2\/types\/post"}],"author":[{"embeddable":true,"href":"https:\/\/impactodenoticias.com.ar\/index.php?rest_route=\/wp\/v2\/users\/2"}],"replies":[{"embeddable":true,"href":"https:\/\/impactodenoticias.com.ar\/index.php?rest_route=%2Fwp%2Fv2%2Fcomments&post=31376"}],"version-history":[{"count":1,"href":"https:\/\/impactodenoticias.com.ar\/index.php?rest_route=\/wp\/v2\/posts\/31376\/revisions"}],"predecessor-version":[{"id":31378,"href":"https:\/\/impactodenoticias.com.ar\/index.php?rest_route=\/wp\/v2\/posts\/31376\/revisions\/31378"}],"wp:featuredmedia":[{"embeddable":true,"href":"https:\/\/impactodenoticias.com.ar\/index.php?rest_route=\/wp\/v2\/media\/31377"}],"wp:attachment":[{"href":"https:\/\/impactodenoticias.com.ar\/index.php?rest_route=%2Fwp%2Fv2%2Fmedia&parent=31376"}],"wp:term":[{"taxonomy":"category","embeddable":true,"href":"https:\/\/impactodenoticias.com.ar\/index.php?rest_route=%2Fwp%2Fv2%2Fcategories&post=31376"},{"taxonomy":"post_tag","embeddable":true,"href":"https:\/\/impactodenoticias.com.ar\/index.php?rest_route=%2Fwp%2Fv2%2Ftags&post=31376"}],"curies":[{"name":"wp","href":"https:\/\/api.w.org\/{rel}","templated":true}]}}