{"id":31379,"date":"2025-11-08T08:32:53","date_gmt":"2025-11-08T11:32:53","guid":{"rendered":"https:\/\/impactodenoticias.com.ar\/?p=31379"},"modified":"2025-11-09T09:38:20","modified_gmt":"2025-11-09T12:38:20","slug":"mal-clima-en-concordia-se-reprogramo-la-apertura-de-la-fiesta-del-inmigrante","status":"publish","type":"post","link":"https:\/\/impactodenoticias.com.ar\/?p=31379","title":{"rendered":"Mal clima en Concordia: se reprogram\u00f3 la apertura de la Fiesta del Inmigrante"},"content":{"rendered":"\n<h2 class=\"wp-block-heading\">La inauguraci\u00f3n oficial de la 32\u00aa edici\u00f3n de la Fiesta del Inmigrante se posterg\u00f3 para este s\u00e1bado, tras las intensas precipitaciones registradas este viernes. Los patios gastron\u00f3micos abrir\u00e1n durante el mediod\u00eda, si el tiempo lo permite.<\/h2>\n\n\n\n<p>Fiesta Inmigrante en Concordia. La presidenta de Inmigrantes Unidos de Concordia, Jamile Rivera Latour, inform\u00f3 que las condiciones meteorol\u00f3gicas terminaron definiendo el inicio de la tradicional celebraci\u00f3n multicultural de Concordia, que estaba programado para el d\u00eda viernes.<\/p>\n\n\n\n<p>Rivera Latour se\u00f1al\u00f3 que, pese al esfuerzo de las colectividades que ya hab\u00edan montado sus carpas, \u201cel tiempo termin\u00f3 de definir que ser\u00e1 este s\u00e1bado a las 20, la apertura oficial\u201d.<\/p>\n\n\n\n<p>Aclar\u00f3 que el p\u00fablico podr\u00e1 disfrutar desde el mediod\u00eda del s\u00e1bado de los patios gastron\u00f3micos. \u201cAlgunas colectividades, como la italiana, van a estar vendiendo al mediod\u00eda. El patio estar\u00e1 abierto alrededor de las 17\u201d, precis\u00f3 la presidenta de Inmigrantes Unidos.<\/p>\n\n\n\n<p>Reorganizaci\u00f3n de la grilla y presencia de ballets<\/p>\n\n\n\n<p>Las actividades previstas para tres d\u00edas se concentrar\u00e1n ahora en dos jornadas, s\u00e1bado y domingo. Rivera Latour se\u00f1al\u00f3 que \u201cla grilla de hoy se divide entre el s\u00e1bado y el domingo para no dejar a los ballets sin participar\u201d.<\/p>\n\n\n\n<p>Entre las delegaciones que ya se encuentran en Concordia se destacan el ballet de Las Bre\u00f1as, Chaco; y el ballet de la Asociaci\u00f3n Suiza. \u201cEllos iban a actuar el viernes y el s\u00e1bado, pero pasamos todo para el s\u00e1bado. El domingo nos acompa\u00f1ar\u00e1n en el tradicional desfile\u201d, se\u00f1al\u00f3.<\/p>\n\n\n\n<p>Rivera indic\u00f3 que se aguard\u00f3 hasta \u00faltimo momento para decidir la postergaci\u00f3n, ya que el pron\u00f3stico inicial indicaba lluvias s\u00f3lo hasta primeras horas de la tarde. Pero, las precipitaciones se extendieron durante gran parte del d\u00eda, generando complicaciones en el predio.<\/p>\n\n\n\n<p><strong>Las tareas en el predio<\/strong><\/p>\n\n\n\n<p>Durante gran parte de la tarde de este viernes, personal municipal despleg\u00f3 distintas tareas para poner en condiciones el lugar.<\/p>\n\n\n\n<p>\u201cSi bien las carpas no est\u00e1n inundadas, hay mucha agua alrededor. Los camiones atmosf\u00e9ricos del municipio est\u00e1n trabajando sin descanso para extraer la mayor cantidad de l\u00edquido\u201d, precis\u00f3 Rivera Latour.<\/p>\n\n\n\n<p>\u201cCon el viento y el solcito que se aguarda para este d\u00eda s\u00e1bado, confiamos en que el predio se seque y todos puedan disfrutar de nuestra fiesta\u201d, finaliz\u00f3.<\/p>\n","protected":false},"excerpt":{"rendered":"<p>La inauguraci&oacute;n oficial de la 32&ordf; edici&oacute;n de la Fiesta del Inmigrante se posterg&oacute; para este s&aacute;bado, tras las intensas precipitaciones registradas este viernes. Los patios gastron&oacute;micos abrir&aacute;n durante el mediod&iacute;a, si el tiempo lo permite. Fiesta Inmigrante en Concordia. La presidenta de Inmigrantes Unidos de Concordia, Jamile Rivera Latour, inform&oacute; que las condiciones meteorol&oacute;gicas [&hellip;]<\/p>\n","protected":false},"author":2,"featured_media":31380,"comment_status":"closed","ping_status":"closed","sticky":false,"template":"","format":"standard","meta":{"footnotes":""},"categories":[4,49],"tags":[4679,72,6222,1018,6221],"class_list":["post-31379","post","type-post","status-publish","format-standard","has-post-thumbnail","hentry","category-provinciales","category-sociedad","tag-apertura","tag-concordia","tag-fiesta-del-inmigrante","tag-lluvias","tag-rreprograman"],"_links":{"self":[{"href":"https:\/\/impactodenoticias.com.ar\/index.php?rest_route=\/wp\/v2\/posts\/31379","targetHints":{"allow":["GET"]}}],"collection":[{"href":"https:\/\/impactodenoticias.com.ar\/index.php?rest_route=\/wp\/v2\/posts"}],"about":[{"href":"https:\/\/impactodenoticias.com.ar\/index.php?rest_route=\/wp\/v2\/types\/post"}],"author":[{"embeddable":true,"href":"https:\/\/impactodenoticias.com.ar\/index.php?rest_route=\/wp\/v2\/users\/2"}],"replies":[{"embeddable":true,"href":"https:\/\/impactodenoticias.com.ar\/index.php?rest_route=%2Fwp%2Fv2%2Fcomments&post=31379"}],"version-history":[{"count":1,"href":"https:\/\/impactodenoticias.com.ar\/index.php?rest_route=\/wp\/v2\/posts\/31379\/revisions"}],"predecessor-version":[{"id":31381,"href":"https:\/\/impactodenoticias.com.ar\/index.php?rest_route=\/wp\/v2\/posts\/31379\/revisions\/31381"}],"wp:featuredmedia":[{"embeddable":true,"href":"https:\/\/impactodenoticias.com.ar\/index.php?rest_route=\/wp\/v2\/media\/31380"}],"wp:attachment":[{"href":"https:\/\/impactodenoticias.com.ar\/index.php?rest_route=%2Fwp%2Fv2%2Fmedia&parent=31379"}],"wp:term":[{"taxonomy":"category","embeddable":true,"href":"https:\/\/impactodenoticias.com.ar\/index.php?rest_route=%2Fwp%2Fv2%2Fcategories&post=31379"},{"taxonomy":"post_tag","embeddable":true,"href":"https:\/\/impactodenoticias.com.ar\/index.php?rest_route=%2Fwp%2Fv2%2Ftags&post=31379"}],"curies":[{"name":"wp","href":"https:\/\/api.w.org\/{rel}","templated":true}]}}