{"id":31391,"date":"2025-11-10T10:26:46","date_gmt":"2025-11-10T13:26:46","guid":{"rendered":"https:\/\/impactodenoticias.com.ar\/?p=31391"},"modified":"2025-11-10T10:26:47","modified_gmt":"2025-11-10T13:26:47","slug":"concordia-investigan-la-muerte-de-un-preso-en-la-unidad-penal","status":"publish","type":"post","link":"https:\/\/impactodenoticias.com.ar\/?p=31391","title":{"rendered":"Concordia: investigan la muerte de un preso en la Unidad Penal"},"content":{"rendered":"\n<h2 class=\"wp-block-heading\">La Justicia de Concordia investiga la muerte de un interno de la Unidad Penal de esa ciudad que falleci\u00f3 en las \u00faltimas horas. Se trata de un joven de 21 a\u00f1os, que perdi\u00f3 la vida en la Alcaid\u00eda.<\/h2>\n\n\n\n<p>El interno, identificado como Marcelo Barreto, fue localizado en su celda sin vida. Estaba arrestado hac\u00eda una semana por un robo y aguardaba novedades judiciales sobre su condici\u00f3n judicial. Segun la informaci\u00f3n brindada por la Polic\u00eda, hab\u00eda dado se\u00f1ales de no sentirse bien d\u00edas antes de su deceso, hecho que ocurri\u00f3 en la madrugada del s\u00e1bado.<\/p>\n\n\n\n<p>Los agentes que lo encontraron afirmaron que estaba \u201cdoblado sobre s\u00ed mismo\u201d y que r\u00e1pidamente llamaron a un servicio de emergencias para que se constate la muerte. Se confirm\u00f3 un paro cardiorrespiratorio, aunque el episodio est\u00e1 bajo investigaci\u00f3n.<\/p>\n\n\n\n<p>Ser\u00e1 esencial la autopsia que se practicar\u00e1 sobre los restos del joven.<\/p>\n","protected":false},"excerpt":{"rendered":"<p>La Justicia de Concordia investiga la muerte de un interno de la Unidad Penal de esa ciudad que falleci&oacute; en las &uacute;ltimas horas. Se trata de un joven de 21 a&ntilde;os, que perdi&oacute; la vida en la Alcaid&iacute;a. El interno, identificado como Marcelo Barreto, fue localizado en su celda sin vida. Estaba arrestado hac&iacute;a una [&hellip;]<\/p>\n","protected":false},"author":2,"featured_media":31392,"comment_status":"closed","ping_status":"closed","sticky":false,"template":"","format":"standard","meta":{"footnotes":""},"categories":[8,4],"tags":[72,4375,681,369,3122],"class_list":["post-31391","post","type-post","status-publish","format-standard","has-post-thumbnail","hentry","category-policiales","category-provinciales","tag-concordia","tag-interno","tag-investigacion","tag-muerte","tag-unidad-penal"],"_links":{"self":[{"href":"https:\/\/impactodenoticias.com.ar\/index.php?rest_route=\/wp\/v2\/posts\/31391","targetHints":{"allow":["GET"]}}],"collection":[{"href":"https:\/\/impactodenoticias.com.ar\/index.php?rest_route=\/wp\/v2\/posts"}],"about":[{"href":"https:\/\/impactodenoticias.com.ar\/index.php?rest_route=\/wp\/v2\/types\/post"}],"author":[{"embeddable":true,"href":"https:\/\/impactodenoticias.com.ar\/index.php?rest_route=\/wp\/v2\/users\/2"}],"replies":[{"embeddable":true,"href":"https:\/\/impactodenoticias.com.ar\/index.php?rest_route=%2Fwp%2Fv2%2Fcomments&post=31391"}],"version-history":[{"count":1,"href":"https:\/\/impactodenoticias.com.ar\/index.php?rest_route=\/wp\/v2\/posts\/31391\/revisions"}],"predecessor-version":[{"id":31393,"href":"https:\/\/impactodenoticias.com.ar\/index.php?rest_route=\/wp\/v2\/posts\/31391\/revisions\/31393"}],"wp:featuredmedia":[{"embeddable":true,"href":"https:\/\/impactodenoticias.com.ar\/index.php?rest_route=\/wp\/v2\/media\/31392"}],"wp:attachment":[{"href":"https:\/\/impactodenoticias.com.ar\/index.php?rest_route=%2Fwp%2Fv2%2Fmedia&parent=31391"}],"wp:term":[{"taxonomy":"category","embeddable":true,"href":"https:\/\/impactodenoticias.com.ar\/index.php?rest_route=%2Fwp%2Fv2%2Fcategories&post=31391"},{"taxonomy":"post_tag","embeddable":true,"href":"https:\/\/impactodenoticias.com.ar\/index.php?rest_route=%2Fwp%2Fv2%2Ftags&post=31391"}],"curies":[{"name":"wp","href":"https:\/\/api.w.org\/{rel}","templated":true}]}}