{"id":31414,"date":"2025-11-10T21:59:17","date_gmt":"2025-11-11T00:59:17","guid":{"rendered":"https:\/\/impactodenoticias.com.ar\/?p=31414"},"modified":"2025-11-12T08:50:26","modified_gmt":"2025-11-12T11:50:26","slug":"un-proceso-judicial-que-roza-a-frigerio-entra-en-etapa-de-indagatorias-y-expondria-facetas-poco-conocidas-de-su-perfil-politico","status":"publish","type":"post","link":"https:\/\/impactodenoticias.com.ar\/?p=31414","title":{"rendered":"Un proceso judicial que roza a Frigerio entra en etapa de indagatorias y expondr\u00eda facetas poco conocidas de su perfil pol\u00edtico"},"content":{"rendered":"\n<h2 class=\"wp-block-heading\">A partir de una denuncia presentada por su propio t\u00edo, Carlos Humberto Cadoppi Frigerio, el gobernador de Entre R\u00edos, Rogelio Frigerio, enfrenta una investigaci\u00f3n que avanza hacia la declaraci\u00f3n indagatoria de funcionarios provinciales y municipales. El caso, que gira en torno a la extracci\u00f3n de arena sil\u00edcea para fracking en la zona sur de la provincia, pone bajo la lupa no solo decisiones de gesti\u00f3n, sino tambi\u00e9n las relaciones personales e institucionales del mandatario.<\/h2>\n\n\n\n<p>La demanda que desencaden\u00f3 esta causa fue presentada por Carlos Humberto Cadoppi Frigerio, ingeniero agr\u00f3nomo de la zona de Islas del Ibicuy, quien denunci\u00f3 desde hace a\u00f1os irregularidades en la explotaci\u00f3n de areneras y plantas de lavado de arena sil\u00edcea en los departamentos de Ibicuy y Gualeguaych\u00fa, en Entre R\u00edos.<\/p>\n\n\n\n<p>La denuncia est\u00e1 centrada en la actividad de extracci\u00f3n de arenas que, seg\u00fan los denunciantes, carecer\u00eda de los debidos permisos ambientales y operativos, lo cual deriv\u00f3 en la causa federal N\u00ba 8044\/2024 que investiga los delitos de incumplimiento de deberes de funcionario p\u00fablico, falsedad ideol\u00f3gica y omisi\u00f3n de control.<\/p>\n\n\n\n<p>Aunque la denuncia la presenta Cadoppi, el v\u00ednculo con el gobernador Frigerio no es puramente circunstancial, el denunciado es t\u00edo del mandatario provincial \u2014su madre era hermana del abuelo de Rogelio Frigerio\u2014 lo que a\u00f1ade un matiz pol\u00edtico y personal al conflicto.<\/p>\n\n\n\n<p><strong>Indagatorias en curso<\/strong><\/p>\n\n\n\n<p>Seg\u00fan se inform\u00f3 a este medio, el Juzgado Federal de Gualeguaych\u00fa, a cargo del juez Hern\u00e1n Viri, resolvi\u00f3 citar a declarar a cuatro funcionarios \u2014un intendente y tres miembros del gabinete provincial\u2014 por su presunta responsabilidad en permitir o no controlar la actividad minera arenera.<\/p>\n\n\n\n<p><strong>Los citados son:<\/strong><\/p>\n\n\n\n<p>Ezequiel Maneiro (intendente de Ibicuy)<\/p>\n\n\n\n<p>Rosa Hojman (secretaria de Ambiente de la provincia)<\/p>\n\n\n\n<p>Ricardo Iturriza (secretario de Miner\u00eda)<\/p>\n\n\n\n<p>Guillermo Bernaudo (ministro de Desarrollo Productivo)<\/p>\n\n\n\n<p>Esta fase marca un avance en la instrucci\u00f3n del expediente, al trascender la mera denuncia y entrar en el terreno de las obligaciones procesales formales de los requeridos.<\/p>\n\n\n\n<p><strong>\u00bfQu\u00e9 revela sobre Rogelio Frigerio?<\/strong><\/p>\n\n\n\n<p>Aunque el gobernador no est\u00e1 formalmente imputado en el expediente que se conoce hasta ahora, el conflicto abre interrogantes sobre su gesti\u00f3n, sus v\u00ednculos institucionales y personales, y el estilo de gobernar que ha exhibido.<\/p>\n\n\n\n<p><strong>Algunos puntos para analizar:<\/strong><\/p>\n\n\n\n<p><strong>El estilo de confrontaci\u00f3n interna<\/strong><\/p>\n\n\n\n<ol class=\"wp-block-list\"><\/ol>\n\n\n\n<p>El hecho de que la denuncia provenga del propio entorno familiar del gobernador (su t\u00edo) introduce un elemento de tensi\u00f3n singular, no solo se trata de una acusaci\u00f3n contra la administraci\u00f3n provincial, sino de una disputa intrafamiliar que adquiere relevancia p\u00fablica. Esto puede acentuar la percepci\u00f3n de que Frigerio act\u00faa con firmeza ante su entorno o, alternativamente, que su c\u00edrculo m\u00e1s cercano forma parte de un tablero m\u00e1s complejo de alianzas y antagonismos.<\/p>\n\n\n\n<p><strong>La promesa de transparencia y la realidad operativa<\/strong><\/p>\n\n\n\n<ol start=\"2\" class=\"wp-block-list\"><\/ol>\n\n\n\n<p>En varias declaraciones p\u00fablicas, Frigerio ha enfatizado la necesidad de revisar contratos, garantizar la limpieza y transparencia de la gesti\u00f3n estatal, y priorizar el control institucional. Un ejemplo, es su anuncio de anular cerca de 770 contratos que considerar irregularidades en la Legislatura provincial.<\/p>\n\n\n\n<p>La causa actual, sin embargo, se centra en justamente lo contrario: posibles fallas de control, omisiones y complicidad institucional. Esta contradicci\u00f3n \u2014entre discurso y hechos en investigaci\u00f3n\u2014 pone en tensi\u00f3n su capacidad de gesti\u00f3n y su compromiso efectivo con los principios que promueve.<\/p>\n\n\n\n<p><strong>El perfil pol\u00edtico en riesgo<\/strong><\/p>\n\n\n\n<ol start=\"3\" class=\"wp-block-list\"><\/ol>\n\n\n\n<p>Al asumir la gobernaci\u00f3n de Entre R\u00edos, Frigerio arranc\u00f3 con promesas de cambio y renovaci\u00f3n (\u201cse revisar\u00e1 cada peso gastado\u201d, seg\u00fan su juramento). Pero este proceso judicial podr\u00eda convertirse en un factor de desgaste pol\u00edtico: no solo por la eventual responsabilidad de funcionarios bajo su mando, sino porque impacta en la imagen de eficacia, integridad y control que \u00e9l pretende proyectar.<\/p>\n\n\n\n<p><strong>\u00bfUna causa ambiental con ramificaciones pol\u00edticas?<\/strong><\/p>\n\n\n\n<ol start=\"4\" class=\"wp-block-list\"><\/ol>\n\n\n\n<p>La extracci\u00f3n de arena sil\u00edcea para fracking es un tema complejo, involucra cuestiones ambientales, de infraestructura, de recursos naturales y de concesiones econ\u00f3micas. Que esta causa llegue a involucrar al gobierno provincial \u2014aunque indirectamente por ahora\u2014 exhibe una encrucijada: \u00bfprioriza el gobierno el desarrollo econ\u00f3mico (extracci\u00f3n, empleo, industria) o la preservaci\u00f3n ambiental y la debida regulaci\u00f3n? El caso condiciona la narrativa de Frigerio como gestor moderno frente al modelo tradicional de gesti\u00f3n.<\/p>\n\n\n\n<p><strong>Puntos claves del proceso<\/strong><\/p>\n\n\n\n<p>Denuncia presentada por Carlos Humberto Cadoppi Frigerio, a la que se suman inquietudes ambientales por las areneras en las Islas de Ibicuy.<\/p>\n\n\n\n<p>Causa registrada como N\u00b0 8044\/2024 ante el Juzgado Federal de Gualeguaych\u00fa.<\/p>\n\n\n\n<p>Citaci\u00f3n a indagatoria de cuatro funcionarios el pasado mes de octubre y noviembre de 2025.<\/p>\n\n\n\n<p>La causa se inscribe en un contexto m\u00e1s amplio de control ambiental en la provincia, con el Superior Tribunal de Justicia de Entre R\u00edos obligando al gobierno provincial a brindar informaci\u00f3n sobre la extracci\u00f3n de arena sil\u00edcea.<\/p>\n\n\n\n<p>Trascendi\u00f3 que las declaraciones testimoniales e indagatorias se prolongar\u00e1n en pr\u00f3ximas semanas.<\/p>\n\n\n\n<p>Si la investigaci\u00f3n logra establecer v\u00ednculos m\u00e1s directos entre la administraci\u00f3n del gobernador y los hechos denunciados, podr\u00eda abrirse una etapa de imputaciones superiores o responsabilidad pol\u00edtica.<\/p>\n\n\n\n<p>Independientemente del resultado judicial, el proceso ya afectar\u00eda la narrativa pol\u00edtica de Frigerio y su gesti\u00f3n en Entre R\u00edos. Queda por ver si el gobierno act\u00faa de modo m\u00e1s visible en materia de regulaci\u00f3n ambiental, transparencia y control de recursos naturales, para atender la posible imagen debilitada.<\/p>\n\n\n\n<p>El avance de esta causa, que coloca a funcionarios de la gesti\u00f3n de Rogelio Frigerio, una vez m\u00e1s, en el banquillo de las indagatorias, no solo se trata de un episodio judicial, es un espejo que refleja \u2013 y pone en tela de juicio \u2013 el estilo de su gesti\u00f3n, su promesa de renovaci\u00f3n, y la forma en que enfrenta los desaf\u00edos de control institucional y desarrollo. Que la denuncia provenga de un pariente cercano a\u00f1ade complejidad al relato. En definitiva, esta etapa de indagatorias equivale a un term\u00f3metro del ambiente pol\u00edtico provincial, con efectos que podr\u00edan ir m\u00e1s all\u00e1 del enriquecimiento del expediente judicial.<\/p>\n","protected":false},"excerpt":{"rendered":"<p>A partir de una denuncia presentada por su propio t&iacute;o, Carlos Humberto Cadoppi Frigerio, el gobernador de Entre R&iacute;os, Rogelio Frigerio, enfrenta una investigaci&oacute;n que avanza hacia la declaraci&oacute;n indagatoria de funcionarios provinciales y municipales. El caso, que gira en torno a la extracci&oacute;n de arena sil&iacute;cea para fracking en la zona sur de la [&hellip;]<\/p>\n","protected":false},"author":2,"featured_media":31415,"comment_status":"closed","ping_status":"closed","sticky":false,"template":"","format":"standard","meta":{"footnotes":""},"categories":[90,11,4],"tags":[6231,6232,1466,39],"class_list":["post-31414","post","type-post","status-publish","format-standard","has-post-thumbnail","hentry","category-judicial","category-politica","category-provinciales","tag-casrlos-humberto-cadoppi-frigerio","tag-fracking","tag-islas-de-ibicuy","tag-rogelio-frigerio"],"_links":{"self":[{"href":"https:\/\/impactodenoticias.com.ar\/index.php?rest_route=\/wp\/v2\/posts\/31414","targetHints":{"allow":["GET"]}}],"collection":[{"href":"https:\/\/impactodenoticias.com.ar\/index.php?rest_route=\/wp\/v2\/posts"}],"about":[{"href":"https:\/\/impactodenoticias.com.ar\/index.php?rest_route=\/wp\/v2\/types\/post"}],"author":[{"embeddable":true,"href":"https:\/\/impactodenoticias.com.ar\/index.php?rest_route=\/wp\/v2\/users\/2"}],"replies":[{"embeddable":true,"href":"https:\/\/impactodenoticias.com.ar\/index.php?rest_route=%2Fwp%2Fv2%2Fcomments&post=31414"}],"version-history":[{"count":1,"href":"https:\/\/impactodenoticias.com.ar\/index.php?rest_route=\/wp\/v2\/posts\/31414\/revisions"}],"predecessor-version":[{"id":31416,"href":"https:\/\/impactodenoticias.com.ar\/index.php?rest_route=\/wp\/v2\/posts\/31414\/revisions\/31416"}],"wp:featuredmedia":[{"embeddable":true,"href":"https:\/\/impactodenoticias.com.ar\/index.php?rest_route=\/wp\/v2\/media\/31415"}],"wp:attachment":[{"href":"https:\/\/impactodenoticias.com.ar\/index.php?rest_route=%2Fwp%2Fv2%2Fmedia&parent=31414"}],"wp:term":[{"taxonomy":"category","embeddable":true,"href":"https:\/\/impactodenoticias.com.ar\/index.php?rest_route=%2Fwp%2Fv2%2Fcategories&post=31414"},{"taxonomy":"post_tag","embeddable":true,"href":"https:\/\/impactodenoticias.com.ar\/index.php?rest_route=%2Fwp%2Fv2%2Ftags&post=31414"}],"curies":[{"name":"wp","href":"https:\/\/api.w.org\/{rel}","templated":true}]}}