{"id":31423,"date":"2025-11-11T11:19:55","date_gmt":"2025-11-11T14:19:55","guid":{"rendered":"https:\/\/impactodenoticias.com.ar\/?p=31423"},"modified":"2025-11-12T08:50:42","modified_gmt":"2025-11-12T11:50:42","slug":"preocupante-parana-registra-la-mitad-de-los-homicidios-en-la-provincia-en-lo-que-va-de-2025","status":"publish","type":"post","link":"https:\/\/impactodenoticias.com.ar\/?p=31423","title":{"rendered":"PREOCUPANTE: Paran\u00e1 registra la mitad de los homicidios en la provincia en lo que va de 2025"},"content":{"rendered":"\n<h2 class=\"wp-block-heading\">En la provincia de Entre R\u00edos, a poco m\u00e1s de 50 d\u00edas de concluir el a\u00f1o, se registran 28 asesinatos. La mayor concentraci\u00f3n de casos se dio en el Departamento Paran\u00e1, con 14 v\u00edctimas, seguida por Concordia con ocho, Victoria y Tala con dos cada una, y finalmente un hecho en Concepci\u00f3n del Uruguay y otro en Larroque.<\/h2>\n\n\n\n<p>Entre los cr\u00edmenes figuran dos femicidios: el de Daiana Mendieta en Gobernador Mansilla y el de Soledad Andino en Victoria. A ellos se suman otras tres mujeres asesinadas en conflictos barriales: Yolanda Pereyra en el barrio 1\u00b0 de Julio, Jazm\u00edn Gonz\u00e1lez en Bajada Grande y Jessica Bravo en Concordia.<\/p>\n\n\n\n<p>La mayor\u00eda de los hechos ocurrieron con armas de fuego y entre personas que se conoc\u00edan previamente. No se registraron homicidios en ocasi\u00f3n de robo. Los motivos m\u00e1s frecuentes fueron el consumo de alcohol y drogas, adem\u00e1s de disputas territoriales.<\/p>\n\n\n\n<p>El \u00faltimo caso corresponde a Tom\u00e1s Yair Flores, un joven de 20 a\u00f1os asesinado de una pu\u00f1alada en Paran\u00e1. La Justicia investiga a tres sospechosos por este episodio. En la capital provincial, la mayor\u00eda de los homicidios ya fueron resueltos en sendos juicios abreviados.<\/p>\n\n\n\n<p>Comparando a\u00f1os anteriores, las cifras se mantienen similares. En el departamento Paran\u00e1 hubo 16 homicidios en 2023 y 2024, mientras que en 2025 la cifra alcanza 14 hasta el momento. A nivel provincial, los registros muestran 32 homicidios en 2022, 40 en 2023, 49 en 2024 y 28 en lo que va de 2025.<\/p>\n\n\n\n<p>Seg\u00fan estad\u00edsticas, la violencia letal en Entre R\u00edos se sostiene en niveles altos y con caracter\u00edsticas similares: v\u00ednculos previos entre v\u00edctimas y victimarios, armas de fuego como principal medio y conflictos atravesados por consumo de sustancias y disputas territoriales.<\/p>\n\n\n\n<p>Un dato que preocupa es que los tres \u00faltimos asesinatos acontecieron \u2013 Jazm\u00edn Gonz\u00e1lez, Ra\u00fal Scherer y Tom\u00e1s Flores \u2013 en el marco de festejos familiares o de amigos.<\/p>\n","protected":false},"excerpt":{"rendered":"<p>En la provincia de Entre R&iacute;os, a poco m&aacute;s de 50 d&iacute;as de concluir el a&ntilde;o, se registran 28 asesinatos. La mayor concentraci&oacute;n de casos se dio en el Departamento Paran&aacute;, con 14 v&iacute;ctimas, seguida por Concordia con ocho, Victoria y Tala con dos cada una, y finalmente un hecho en Concepci&oacute;n del Uruguay y [&hellip;]<\/p>\n","protected":false},"author":2,"featured_media":31424,"comment_status":"closed","ping_status":"closed","sticky":false,"template":"","format":"standard","meta":{"footnotes":""},"categories":[4,49],"tags":[616,6237,33,95],"class_list":["post-31423","post","type-post","status-publish","format-standard","has-post-thumbnail","hentry","category-provinciales","category-sociedad","tag-616","tag-asesinatos","tag-entre-rios","tag-parana"],"_links":{"self":[{"href":"https:\/\/impactodenoticias.com.ar\/index.php?rest_route=\/wp\/v2\/posts\/31423","targetHints":{"allow":["GET"]}}],"collection":[{"href":"https:\/\/impactodenoticias.com.ar\/index.php?rest_route=\/wp\/v2\/posts"}],"about":[{"href":"https:\/\/impactodenoticias.com.ar\/index.php?rest_route=\/wp\/v2\/types\/post"}],"author":[{"embeddable":true,"href":"https:\/\/impactodenoticias.com.ar\/index.php?rest_route=\/wp\/v2\/users\/2"}],"replies":[{"embeddable":true,"href":"https:\/\/impactodenoticias.com.ar\/index.php?rest_route=%2Fwp%2Fv2%2Fcomments&post=31423"}],"version-history":[{"count":1,"href":"https:\/\/impactodenoticias.com.ar\/index.php?rest_route=\/wp\/v2\/posts\/31423\/revisions"}],"predecessor-version":[{"id":31425,"href":"https:\/\/impactodenoticias.com.ar\/index.php?rest_route=\/wp\/v2\/posts\/31423\/revisions\/31425"}],"wp:featuredmedia":[{"embeddable":true,"href":"https:\/\/impactodenoticias.com.ar\/index.php?rest_route=\/wp\/v2\/media\/31424"}],"wp:attachment":[{"href":"https:\/\/impactodenoticias.com.ar\/index.php?rest_route=%2Fwp%2Fv2%2Fmedia&parent=31423"}],"wp:term":[{"taxonomy":"category","embeddable":true,"href":"https:\/\/impactodenoticias.com.ar\/index.php?rest_route=%2Fwp%2Fv2%2Fcategories&post=31423"},{"taxonomy":"post_tag","embeddable":true,"href":"https:\/\/impactodenoticias.com.ar\/index.php?rest_route=%2Fwp%2Fv2%2Ftags&post=31423"}],"curies":[{"name":"wp","href":"https:\/\/api.w.org\/{rel}","templated":true}]}}