{"id":31435,"date":"2025-11-12T08:29:50","date_gmt":"2025-11-12T11:29:50","guid":{"rendered":"https:\/\/impactodenoticias.com.ar\/?p=31435"},"modified":"2025-11-12T08:29:50","modified_gmt":"2025-11-12T11:29:50","slug":"concordia-no-hay-vinculo-entre-el-allanamiento-en-la-unidad-penal-3-y-una-estafa","status":"publish","type":"post","link":"https:\/\/impactodenoticias.com.ar\/?p=31435","title":{"rendered":"Concordia: no hay v\u00ednculo entre el allanamiento en la Unidad Penal 3 y una estafa"},"content":{"rendered":"\n<h2 class=\"wp-block-heading\">En el marco de una investigaci\u00f3n por presunta estafa telef\u00f3nica, se realiz\u00f3 un allanamiento en la celda de un interno en la c\u00e1rcel de Concordia. Si bien durante el operativo se secuestr\u00f3 un tel\u00e9fono celular, las autoridades no habr\u00edan encontrado, en principio, una conexi\u00f3n directa entre el material incautado y el delito investigado.<\/h2>\n\n\n\n<p>Alejandro Mondrag\u00f3n, director del Servicio Penitenciario, se\u00f1al\u00f3 que la diligencia judicial se realiz\u00f3 espec\u00edficamente buscando elementos que pudieran confirmar la participaci\u00f3n del recluso en el esquema de fraude.<\/p>\n\n\n\n<p>No obstante, la investigaci\u00f3n judicial se mantiene activa, ya que el celular secuestrado no era propiedad del interno y no conten\u00eda registros de haber realizado las llamadas que eran objeto de la pesquisa.<\/p>\n\n\n\n<p>Seg\u00fan se supo, el interno que estaba se\u00f1alado en el oficio de allanamiento no tuvo ning\u00fan celular decomisado que estuviera siendo utilizado por \u00e9l.<\/p>\n\n\n\n<p><\/p>\n\n\n\n<figure class=\"wp-block-embed is-type-wp-embed is-provider-incrustado wp-block-embed-incrustado\"><div class=\"wp-block-embed__wrapper\">\n<blockquote class=\"wp-embedded-content\" data-secret=\"drsPPkqQ5f\"><a href=\"https:\/\/impactodenoticias.com.ar\/?p=31429\">Concordia: se realiz\u00f3 un allanamiento en la Unidad Penal Nro 3<\/a><\/blockquote><iframe loading=\"lazy\" class=\"wp-embedded-content\" sandbox=\"allow-scripts\" security=\"restricted\" style=\"position: absolute; visibility: hidden;\" title=\"\u00abConcordia: se realiz\u00f3 un allanamiento en la Unidad Penal Nro 3\u00bb \u2014 \" src=\"https:\/\/impactodenoticias.com.ar\/?p=31429&#038;embed=true#?secret=42tvebRNeE#?secret=drsPPkqQ5f\" data-secret=\"drsPPkqQ5f\" width=\"600\" height=\"338\" frameborder=\"0\" marginwidth=\"0\" marginheight=\"0\" scrolling=\"no\"><\/iframe>\n<\/div><\/figure>\n\n\n\n<p><\/p>\n\n\n\n<p><\/p>\n","protected":false},"excerpt":{"rendered":"<p>En el marco de una investigaci&oacute;n por presunta estafa telef&oacute;nica, se realiz&oacute; un allanamiento en la celda de un interno en la c&aacute;rcel de Concordia. Si bien durante el operativo se secuestr&oacute; un tel&eacute;fono celular, las autoridades no habr&iacute;an encontrado, en principio, una conexi&oacute;n directa entre el material incautado y el delito investigado. Alejandro Mondrag&oacute;n, [&hellip;]<\/p>\n","protected":false},"author":2,"featured_media":31436,"comment_status":"closed","ping_status":"closed","sticky":false,"template":"","format":"standard","meta":{"footnotes":""},"categories":[8,4],"tags":[395,72,550,2966],"class_list":["post-31435","post","type-post","status-publish","format-standard","has-post-thumbnail","hentry","category-policiales","category-provinciales","tag-allanamiento","tag-concordia","tag-estafa","tag-unidad-penal-3"],"_links":{"self":[{"href":"https:\/\/impactodenoticias.com.ar\/index.php?rest_route=\/wp\/v2\/posts\/31435","targetHints":{"allow":["GET"]}}],"collection":[{"href":"https:\/\/impactodenoticias.com.ar\/index.php?rest_route=\/wp\/v2\/posts"}],"about":[{"href":"https:\/\/impactodenoticias.com.ar\/index.php?rest_route=\/wp\/v2\/types\/post"}],"author":[{"embeddable":true,"href":"https:\/\/impactodenoticias.com.ar\/index.php?rest_route=\/wp\/v2\/users\/2"}],"replies":[{"embeddable":true,"href":"https:\/\/impactodenoticias.com.ar\/index.php?rest_route=%2Fwp%2Fv2%2Fcomments&post=31435"}],"version-history":[{"count":1,"href":"https:\/\/impactodenoticias.com.ar\/index.php?rest_route=\/wp\/v2\/posts\/31435\/revisions"}],"predecessor-version":[{"id":31437,"href":"https:\/\/impactodenoticias.com.ar\/index.php?rest_route=\/wp\/v2\/posts\/31435\/revisions\/31437"}],"wp:featuredmedia":[{"embeddable":true,"href":"https:\/\/impactodenoticias.com.ar\/index.php?rest_route=\/wp\/v2\/media\/31436"}],"wp:attachment":[{"href":"https:\/\/impactodenoticias.com.ar\/index.php?rest_route=%2Fwp%2Fv2%2Fmedia&parent=31435"}],"wp:term":[{"taxonomy":"category","embeddable":true,"href":"https:\/\/impactodenoticias.com.ar\/index.php?rest_route=%2Fwp%2Fv2%2Fcategories&post=31435"},{"taxonomy":"post_tag","embeddable":true,"href":"https:\/\/impactodenoticias.com.ar\/index.php?rest_route=%2Fwp%2Fv2%2Ftags&post=31435"}],"curies":[{"name":"wp","href":"https:\/\/api.w.org\/{rel}","templated":true}]}}