{"id":31438,"date":"2025-11-12T08:44:13","date_gmt":"2025-11-12T11:44:13","guid":{"rendered":"https:\/\/impactodenoticias.com.ar\/?p=31438"},"modified":"2025-11-13T11:07:21","modified_gmt":"2025-11-13T14:07:21","slug":"por-decreto-nacional-escuelas-privadas-entrerrianas-no-deberan-pedir-autorizacion-para-aumentar-sus-cuotas","status":"publish","type":"post","link":"https:\/\/impactodenoticias.com.ar\/?p=31438","title":{"rendered":"Por decreto nacional, escuelas privadas entrerrianas no deber\u00e1n pedir autorizaci\u00f3n para aumentar sus cuotas"},"content":{"rendered":"\n<h2 class=\"wp-block-heading\">El Consejo General de Educaci\u00f3n (CGE), comunic\u00f3 que el Decreto Nacional N\u00ba 787\/2025, recientemente dictado por el Poder Ejecutivo, alcanza exclusivamente a entidades educativas no subvencionadas por la provincia y que se sostienen \u00edntegramente con los aranceles abonados por las familias.<\/h2>\n\n\n\n<p>El nuevo decreto deroga la normativa que desde hace tres d\u00e9cadas, regulaba el sistema de aranceles de la educaci\u00f3n privada. Desde este momento, estas instituciones no deber\u00e1n solicitar autorizaci\u00f3n al Estado nacional para modificar o actualizar sus cuotas y matr\u00edculas. La disposici\u00f3n, publicada en el Bolet\u00edn Oficial deja sin efecto el Decreto N\u00ba 2.417\/93, con el prop\u00f3sito de actualizar el marco normativo de acuerdo con la actual organizaci\u00f3n federal del sistema educativo, y otorgar mayor autonom\u00eda a las jurisdicciones provinciales en la definici\u00f3n de sus criterios de regulaci\u00f3n y supervisi\u00f3n.<\/p>\n\n\n\n<p><strong>Seg\u00fan se inform\u00f3, la medida alcanzar\u00e1 a 19 instituciones de la provincia de Entre R\u00edos.<\/strong><\/p>\n\n\n\n<p>Vale aclarar que las escuelas con aportes estatales (subvencionadas) contin\u00faan regidas por la Resoluci\u00f3n N\u00ba 1.332\/25 del CGE, que establece los aranceles vigentes para el presente a\u00f1o, sin modificaciones en su r\u00e9gimen de funcionamiento ni en los procedimientos administrativos y econ\u00f3micos establecidos.<\/p>\n\n\n\n<p>La Direcci\u00f3n de Educaci\u00f3n de Gesti\u00f3n Privada del CGE, analizo los alcances operativos y jur\u00eddicos del nuevo decreto en coordinaci\u00f3n con la Direcci\u00f3n Nacional de Educaci\u00f3n P\u00fablica de Gesti\u00f3n Privada, con el objetivo de garantizar claridad normativa, seguridad jur\u00eddica y previsibilidad institucional en el funcionamiento del sistema educativo provincial.<\/p>\n","protected":false},"excerpt":{"rendered":"<p>El Consejo General de Educaci&oacute;n (CGE), comunic&oacute; que el Decreto Nacional N&ordm; 787\/2025, recientemente dictado por el Poder Ejecutivo, alcanza exclusivamente a entidades educativas no subvencionadas por la provincia y que se sostienen &iacute;ntegramente con los aranceles abonados por las familias. El nuevo decreto deroga la normativa que desde hace tres d&eacute;cadas, regulaba el sistema [&hellip;]<\/p>\n","protected":false},"author":2,"featured_media":31439,"comment_status":"closed","ping_status":"closed","sticky":false,"template":"","format":"standard","meta":{"footnotes":""},"categories":[11,4,49],"tags":[57,1410,5089,1196,33,206,1692,6241],"class_list":["post-31438","post","type-post","status-publish","format-standard","has-post-thumbnail","hentry","category-politica","category-provinciales","category-sociedad","tag-aumento","tag-cge","tag-cuotas","tag-decreto","tag-entre-rios","tag-escuelas","tag-nacional","tag-privadas"],"_links":{"self":[{"href":"https:\/\/impactodenoticias.com.ar\/index.php?rest_route=\/wp\/v2\/posts\/31438","targetHints":{"allow":["GET"]}}],"collection":[{"href":"https:\/\/impactodenoticias.com.ar\/index.php?rest_route=\/wp\/v2\/posts"}],"about":[{"href":"https:\/\/impactodenoticias.com.ar\/index.php?rest_route=\/wp\/v2\/types\/post"}],"author":[{"embeddable":true,"href":"https:\/\/impactodenoticias.com.ar\/index.php?rest_route=\/wp\/v2\/users\/2"}],"replies":[{"embeddable":true,"href":"https:\/\/impactodenoticias.com.ar\/index.php?rest_route=%2Fwp%2Fv2%2Fcomments&post=31438"}],"version-history":[{"count":1,"href":"https:\/\/impactodenoticias.com.ar\/index.php?rest_route=\/wp\/v2\/posts\/31438\/revisions"}],"predecessor-version":[{"id":31440,"href":"https:\/\/impactodenoticias.com.ar\/index.php?rest_route=\/wp\/v2\/posts\/31438\/revisions\/31440"}],"wp:featuredmedia":[{"embeddable":true,"href":"https:\/\/impactodenoticias.com.ar\/index.php?rest_route=\/wp\/v2\/media\/31439"}],"wp:attachment":[{"href":"https:\/\/impactodenoticias.com.ar\/index.php?rest_route=%2Fwp%2Fv2%2Fmedia&parent=31438"}],"wp:term":[{"taxonomy":"category","embeddable":true,"href":"https:\/\/impactodenoticias.com.ar\/index.php?rest_route=%2Fwp%2Fv2%2Fcategories&post=31438"},{"taxonomy":"post_tag","embeddable":true,"href":"https:\/\/impactodenoticias.com.ar\/index.php?rest_route=%2Fwp%2Fv2%2Ftags&post=31438"}],"curies":[{"name":"wp","href":"https:\/\/api.w.org\/{rel}","templated":true}]}}