{"id":31441,"date":"2025-11-12T08:50:10","date_gmt":"2025-11-12T11:50:10","guid":{"rendered":"https:\/\/impactodenoticias.com.ar\/?p=31441"},"modified":"2025-11-13T11:07:16","modified_gmt":"2025-11-13T14:07:16","slug":"se-inicio-el-analisis-genetico-de-los-restos-encontrados-en-concordia-y-tala-y-que-podrian-ser-de-martin-palacio","status":"publish","type":"post","link":"https:\/\/impactodenoticias.com.ar\/?p=31441","title":{"rendered":"Se inici\u00f3 el an\u00e1lisis gen\u00e9tico de los restos encontrados en Concordia y Tala y que podr\u00edan ser de Mart\u00edn Palacio"},"content":{"rendered":"\n<h2 class=\"wp-block-heading\">El proceso para determinar cient\u00edficamente si los restos hallados en Colonia Yeru\u00e1 (Concordia) y en Sauce Sur (Tala) pertenecen a Mart\u00edn Palacio se inici\u00f3 este martes, se inform\u00f3 de manera oficial. Los resultados, a cargo del Departamento de Gen\u00e9tica del Superior Tribunal de Justicia (STJ), estar\u00e1n disponibles en alrededor de un mes.<\/h2>\n\n\n\n<p>Los fiscales Daniela Montangie y Tom\u00e1s Tscherning ya cuentan con pruebas concluyentes que vinculan al cuidadano uruguayo Pablo Rodr\u00edguez Laurta, de 39 a\u00f1os, actualmente detenido en C\u00f3rdoba por un doble femicidio ocurrido hace un mes, como el responsable del asesinato de Palacio.<\/p>\n\n\n\n<p>La autopsia efectuada a los restos confirm\u00f3 que el chofer fue ejecutado de un disparo en la cabeza, posteriormente descuartizado y sus partes esparcidas en los departamentos Concordia y Tala.<\/p>\n\n\n\n<p>Palacio hab\u00eda llegado a la terminal de \u00f3mnibus de Concordia la noche del martes 7 de octubre, procedente de Buenos Aires. Su objetivo era trasladar a Laurta hasta Rafaela, en Santa Fe, pero el viaje nunca se concret\u00f3. Est\u00e1 probado que el Toyota Corolla tom\u00f3 la ruta 22 hacia Cha\u00f1ar, en cercan\u00edas de Federal, regres\u00f3 a Concordia y posteriormente se dirigi\u00f3 por la ruta 14 hasta el acceso a Yeru\u00e1.<\/p>\n\n\n\n<p>En la zona de Estaci\u00f3n Yeru\u00e1 fue abandonada una parte del cuerpo, hallada el martes 14 de octubre. El recorrido continu\u00f3 por caminos rurales hacia General Campos, luego por la ruta 18 y San Salvador, evitando controles policiales. Se presume que en las primeras horas del mi\u00e9rcoles 8 el joven chofer ya hab\u00eda sido asesinado, luego de tomar el viaje por el que recibir\u00eda 1,5 millones de pesos.<\/p>\n\n\n\n<p>El jueves 9 apareci\u00f3 el Toyota Corolla incendiado en las afueras de C\u00f3rdoba. Dos d\u00edas despu\u00e9s, el s\u00e1bado 11, Laurta asesin\u00f3 a balazos a su expareja, Luna Micaela Giardina (26), y a su exsuegra, Zoraida Mariel Zamudio (54), en una vivienda del barrio Villa Serrana.<\/p>\n\n\n\n<p>El domingo 12 Laurta fue arrestado en un hotel de Gualeguaych\u00fa, cuando intentaba cruzar a Uruguay con su hijo menor de edad. El plan fracas\u00f3 y la Polic\u00eda de Entre R\u00edos pudo detenerlo.<\/p>\n\n\n\n<p>Veintitr\u00e9s d\u00edas m\u00e1s tarde, el mi\u00e9rcoles 29 de octubre, un vecino encontr\u00f3 un cr\u00e1neo y restos \u00f3seos en un camino rural a 15 kil\u00f3metros de Rosario del Tala. Los restos estaban dentro de una bolsa, a pocos metros de la ruta provincial 15, en avanzado estado de descomposici\u00f3n. Junto a ellos hab\u00eda prendas ensangrentadas.<\/p>\n\n\n\n<p>Rodr\u00edguez Laurta permanece detenido en la c\u00e1rcel de m\u00e1xima seguridad de Cruz del Eje, donde es monitoreado las 24 horas para evitar que atente contra su vida. Las autoridades pretenden que llegue a juicio para responder por los tres asesinatos. Hasta el momento no declar\u00f3 en ninguna de las causas y solo se limit\u00f3 a vociferar frases en cada traslado judicial. Todo indicar\u00eda que enfrentar\u00e1 condenas a prisi\u00f3n perpetua.<\/p>\n","protected":false},"excerpt":{"rendered":"<p>El proceso para determinar cient&iacute;ficamente si los restos hallados en Colonia Yeru&aacute; (Concordia) y en Sauce Sur (Tala) pertenecen a Mart&iacute;n Palacio se inici&oacute; este martes, se inform&oacute; de manera oficial. Los resultados, a cargo del Departamento de Gen&eacute;tica del Superior Tribunal de Justicia (STJ), estar&aacute;n disponibles en alrededor de un mes. Los fiscales Daniela [&hellip;]<\/p>\n","protected":false},"author":2,"featured_media":31442,"comment_status":"closed","ping_status":"closed","sticky":false,"template":"","format":"standard","meta":{"footnotes":""},"categories":[90,8,4],"tags":[6242,72,33,6243,6108,6023,3229,4808],"class_list":["post-31441","post","type-post","status-publish","format-standard","has-post-thumbnail","hentry","category-judicial","category-policiales","category-provinciales","tag-analises","tag-concordia","tag-entre-rios","tag-genetico","tag-martin-palacio","tag-pablo-laurta","tag-restos","tag-tala"],"_links":{"self":[{"href":"https:\/\/impactodenoticias.com.ar\/index.php?rest_route=\/wp\/v2\/posts\/31441","targetHints":{"allow":["GET"]}}],"collection":[{"href":"https:\/\/impactodenoticias.com.ar\/index.php?rest_route=\/wp\/v2\/posts"}],"about":[{"href":"https:\/\/impactodenoticias.com.ar\/index.php?rest_route=\/wp\/v2\/types\/post"}],"author":[{"embeddable":true,"href":"https:\/\/impactodenoticias.com.ar\/index.php?rest_route=\/wp\/v2\/users\/2"}],"replies":[{"embeddable":true,"href":"https:\/\/impactodenoticias.com.ar\/index.php?rest_route=%2Fwp%2Fv2%2Fcomments&post=31441"}],"version-history":[{"count":1,"href":"https:\/\/impactodenoticias.com.ar\/index.php?rest_route=\/wp\/v2\/posts\/31441\/revisions"}],"predecessor-version":[{"id":31443,"href":"https:\/\/impactodenoticias.com.ar\/index.php?rest_route=\/wp\/v2\/posts\/31441\/revisions\/31443"}],"wp:featuredmedia":[{"embeddable":true,"href":"https:\/\/impactodenoticias.com.ar\/index.php?rest_route=\/wp\/v2\/media\/31442"}],"wp:attachment":[{"href":"https:\/\/impactodenoticias.com.ar\/index.php?rest_route=%2Fwp%2Fv2%2Fmedia&parent=31441"}],"wp:term":[{"taxonomy":"category","embeddable":true,"href":"https:\/\/impactodenoticias.com.ar\/index.php?rest_route=%2Fwp%2Fv2%2Fcategories&post=31441"},{"taxonomy":"post_tag","embeddable":true,"href":"https:\/\/impactodenoticias.com.ar\/index.php?rest_route=%2Fwp%2Fv2%2Ftags&post=31441"}],"curies":[{"name":"wp","href":"https:\/\/api.w.org\/{rel}","templated":true}]}}