{"id":31468,"date":"2025-11-12T23:19:28","date_gmt":"2025-11-13T02:19:28","guid":{"rendered":"https:\/\/impactodenoticias.com.ar\/?p=31468"},"modified":"2025-11-13T11:06:53","modified_gmt":"2025-11-13T14:06:53","slug":"santilli-y-frigerio-brindaron-una-conferencia-y-coincidieron-en-establecer-consensos-para-impulsar-reformas-estructurales","status":"publish","type":"post","link":"https:\/\/impactodenoticias.com.ar\/?p=31468","title":{"rendered":"Santilli y Frigerio brindaron una conferencia y coincidieron en establecer consensos para impulsar reformas estructurales"},"content":{"rendered":"\n<h2 class=\"wp-block-heading\">El ministro del Interior de la Naci\u00f3n, Diego Santilli, inaugur\u00f3 este mi\u00e9rcoles en Entre R\u00edos sus visitas a las provincias. Al entrevistarse con Rogelio Frigerio, alent\u00f3 al di\u00e1logo para trabajar en la modernizaci\u00f3n de los v\u00ednculos laborales y las reformas fiscal y del C\u00f3digo Penal que conduzcan al desarrollo. El gobernador present\u00f3 una lista de temas prioritarios.<\/h2>\n\n\n\n<p>El funcionario nacional lleg\u00f3 a Paran\u00e1 y fue recibido por el mandatario provincial, con quien repas\u00f3 una extensa lista de temas de gesti\u00f3n conjunta, tras lo cual brindaron una conferencia de prensa en el Sal\u00f3n de los Escudos de la Casa de Gobierno.<\/p>\n\n\n\n<p>\u00abEstuvimos trabajando en nuestra oficina durante un tiempo largo, viendo los problemas que todav\u00eda tenemos que solucionar y tambi\u00e9n planteando las cosas positivas. Hemos expuesto que, en la medida de lo posible, vamos a ayudar a que finalmente y despu\u00e9s de tantos a\u00f1os la Argentina pueda tener las reformas estructurales que viene pateando desde hace tanto tiempo\u00bb, resumi\u00f3 Rogelio Frigerio.<\/p>\n\n\n\n<p>\u00abMi tarea es escuchar a todos los gobernadores, intentar lograr una agenda com\u00fan para la Argentina y para las provincias. Entre R\u00edos es un caso ejemplar en la etapa del crecimiento, que se viene\u00bb, destac\u00f3, a su vez, Diego Santilli, quien ampli\u00f3: \u00abEl presidente tiene una agenda muy importante de reformas, que tiene que ver con sancionar un presupuesto, una modernizaci\u00f3n laboral, bajar los impuestos, con el C\u00f3digo Penal y otra serie de propuestas que lleva adelante en sesiones extraordinarias y ordinarias. Pero tambi\u00e9n las provincias la tienen y el trabajo tiene que ser el equipo, por eso me he comprometido con el gobernador y con los entrerrianos a hacer un trabajo en conjunto y llevarla adelante\u00bb.<\/p>\n\n\n\n<p>Al describir la agenda de cuestiones entrerrianas, Frigerio manifest\u00f3 que \u00abson los mismos que venimos trabajando y sembrando en los primeros 20 meses de gesti\u00f3n y que, en los \u00faltimos 30 d\u00edas, empezamos a cosechar\u00bb. As\u00ed, enumer\u00f3 la participaci\u00f3n de Entre R\u00edos en las obras de dragado de la Hidrov\u00eda Paran\u00e1-Paraguay, el financiamiento del d\u00e9ficit de la Caja de Jubilaciones y Pensiones, el reclamo ante la Corte Suprema de Justicia por la tarifa de la energ\u00eda que produce la represa hidroel\u00e9ctrica de Salto Grande y \u00abalgunas obras puntuales\u00bb.<\/p>\n\n\n\n<p>Sobre estas, destac\u00f3 las que se realizan en las rutas nacionales 12 y 18 y la provincial 23, en la planta de agua potable de Paran\u00e1 y en la planta de tratamiento de efluentes cloacales de Villaguay, celebrando que la primera concesi\u00f3n de rutas nacionales sea en Entre R\u00edos (la autov\u00eda 12, la 14 y la conexi\u00f3n de Victoria y Rosario), que se iniciar\u00e1n en los pr\u00f3ximos d\u00edas. Asimismo, el acuerdo para poner en valor el Palacio San Jos\u00e9 y la transferencia de los terrenos del puerto de Paran\u00e1.<\/p>\n","protected":false},"excerpt":{"rendered":"<p>El ministro del Interior de la Naci&oacute;n, Diego Santilli, inaugur&oacute; este mi&eacute;rcoles en Entre R&iacute;os sus visitas a las provincias. Al entrevistarse con Rogelio Frigerio, alent&oacute; al di&aacute;logo para trabajar en la modernizaci&oacute;n de los v&iacute;nculos laborales y las reformas fiscal y del C&oacute;digo Penal que conduzcan al desarrollo. El gobernador present&oacute; una lista de [&hellip;]<\/p>\n","protected":false},"author":2,"featured_media":31469,"comment_status":"closed","ping_status":"closed","sticky":false,"template":"","format":"standard","meta":{"footnotes":""},"categories":[11,4],"tags":[6236,33,95,39],"class_list":["post-31468","post","type-post","status-publish","format-standard","has-post-thumbnail","hentry","category-politica","category-provinciales","tag-diego-santilli","tag-entre-rios","tag-parana","tag-rogelio-frigerio"],"_links":{"self":[{"href":"https:\/\/impactodenoticias.com.ar\/index.php?rest_route=\/wp\/v2\/posts\/31468","targetHints":{"allow":["GET"]}}],"collection":[{"href":"https:\/\/impactodenoticias.com.ar\/index.php?rest_route=\/wp\/v2\/posts"}],"about":[{"href":"https:\/\/impactodenoticias.com.ar\/index.php?rest_route=\/wp\/v2\/types\/post"}],"author":[{"embeddable":true,"href":"https:\/\/impactodenoticias.com.ar\/index.php?rest_route=\/wp\/v2\/users\/2"}],"replies":[{"embeddable":true,"href":"https:\/\/impactodenoticias.com.ar\/index.php?rest_route=%2Fwp%2Fv2%2Fcomments&post=31468"}],"version-history":[{"count":1,"href":"https:\/\/impactodenoticias.com.ar\/index.php?rest_route=\/wp\/v2\/posts\/31468\/revisions"}],"predecessor-version":[{"id":31470,"href":"https:\/\/impactodenoticias.com.ar\/index.php?rest_route=\/wp\/v2\/posts\/31468\/revisions\/31470"}],"wp:featuredmedia":[{"embeddable":true,"href":"https:\/\/impactodenoticias.com.ar\/index.php?rest_route=\/wp\/v2\/media\/31469"}],"wp:attachment":[{"href":"https:\/\/impactodenoticias.com.ar\/index.php?rest_route=%2Fwp%2Fv2%2Fmedia&parent=31468"}],"wp:term":[{"taxonomy":"category","embeddable":true,"href":"https:\/\/impactodenoticias.com.ar\/index.php?rest_route=%2Fwp%2Fv2%2Fcategories&post=31468"},{"taxonomy":"post_tag","embeddable":true,"href":"https:\/\/impactodenoticias.com.ar\/index.php?rest_route=%2Fwp%2Fv2%2Ftags&post=31468"}],"curies":[{"name":"wp","href":"https:\/\/api.w.org\/{rel}","templated":true}]}}